{"id":998,"date":"2014-11-01T00:00:20","date_gmt":"2014-10-31T23:00:20","guid":{"rendered":"http:\/\/kiebitzgrund-aktiv.de\/?p=998"},"modified":"2014-12-27T11:10:59","modified_gmt":"2014-12-27T10:10:59","slug":"die-verlorene-welt","status":"publish","type":"post","link":"https:\/\/kiebitzgrund-aktiv.de\/?p=998","title":{"rendered":"Die verlorene Welt"},"content":{"rendered":"<p style=\"text-align: left;\"><strong>Wir nehmen eure Anliegen ernst! Wir setzen uns f\u00fcr euch ein! Unsere D\u00f6rfer haben Zukunft!<\/strong><\/p>\n<p>Parolen, die man in Wahlkampfzeiten von allen potentiellen Kandidaten h\u00f6ren kann. Visionen werden gezeichnet, Hoffnungen gesch\u00fcrt, ein Hauch von Aufbruchstimmung macht sich breit. Doch was helfen gut gemeinte Worte und Enthusiasmus, wenn auf Regierungsebene schon l\u00e4ngst alles in die Wege geleitet wurde und wird um SuedLink und aktuell auch <a href=\"http:\/\/osthessen-news.de\/n11495910\/windkarussell-dreht-sich-weiter-fl%C3%A4chentausch-vorlage-f%C3%BCr-teil-regionalplan.html\">neue Windparks<\/a> Schritt f\u00fcr Schritt in die Tat umzusetzen. Und zwar \u00fcber alle Gemeinde- und Landkreisgrenzen hinweg, ohne R\u00fccksicht auf Einspr\u00fcche, Beschwerden und Proteste.<\/p>\n<p>Es geht f\u00fcr uns schon lange nicht mehr um die Energiewende, es geht darum, welche Gemeindefl\u00e4chen letztendlich geopfert werden. W\u00e4hrend wir uns im Widerstand gegen die r\u00fccksichtslose Planung der SuedLink-Trasse ernsthafte Gedanken um Gesundheit und Zukunft unserer Heimat machen und um vertr\u00e4gliche L\u00f6sungen bem\u00fcht sind, wird am Rei\u00dfbrett eine Linie nach der anderen durch das Land gezogen. Leider kann man den Kiebitzgrund wieder einmal als bedauernswertes Beispiel anf\u00fchren:<\/p>\n<p><a href=\"https:\/\/i0.wp.com\/kiebitzgrund-aktiv.de\/wp-content\/uploads\/2014\/10\/wind.jpg\"><img loading=\"lazy\" decoding=\"async\" data-attachment-id=\"1009\" data-permalink=\"https:\/\/kiebitzgrund-aktiv.de\/?attachment_id=1009\" data-orig-file=\"https:\/\/i0.wp.com\/kiebitzgrund-aktiv.de\/wp-content\/uploads\/2014\/10\/wind.jpg?fit=1025%2C769&amp;ssl=1\" data-orig-size=\"1025,769\" data-comments-opened=\"1\" data-image-meta=\"{&quot;aperture&quot;:&quot;0&quot;,&quot;credit&quot;:&quot;&quot;,&quot;camera&quot;:&quot;&quot;,&quot;caption&quot;:&quot;&quot;,&quot;created_timestamp&quot;:&quot;0&quot;,&quot;copyright&quot;:&quot;&quot;,&quot;focal_length&quot;:&quot;0&quot;,&quot;iso&quot;:&quot;0&quot;,&quot;shutter_speed&quot;:&quot;0&quot;,&quot;title&quot;:&quot;&quot;}\" data-image-title=\"wind\" data-image-description=\"\" data-image-caption=\"\" data-medium-file=\"https:\/\/i0.wp.com\/kiebitzgrund-aktiv.de\/wp-content\/uploads\/2014\/10\/wind.jpg?fit=300%2C225&amp;ssl=1\" data-large-file=\"https:\/\/i0.wp.com\/kiebitzgrund-aktiv.de\/wp-content\/uploads\/2014\/10\/wind.jpg?fit=525%2C394&amp;ssl=1\" class=\"alignnone size-medium wp-image-1009\" src=\"https:\/\/i0.wp.com\/kiebitzgrund-aktiv.de\/wp-content\/uploads\/2014\/10\/wind.jpg?resize=300%2C225\" alt=\"wind\" width=\"300\" height=\"225\" srcset=\"https:\/\/i0.wp.com\/kiebitzgrund-aktiv.de\/wp-content\/uploads\/2014\/10\/wind.jpg?resize=300%2C225&amp;ssl=1 300w, https:\/\/i0.wp.com\/kiebitzgrund-aktiv.de\/wp-content\/uploads\/2014\/10\/wind.jpg?resize=1024%2C768&amp;ssl=1 1024w, https:\/\/i0.wp.com\/kiebitzgrund-aktiv.de\/wp-content\/uploads\/2014\/10\/wind.jpg?w=1025&amp;ssl=1 1025w\" sizes=\"(max-width: 300px) 100vw, 300px\" data-recalc-dims=\"1\" \/><\/a>\u00a0 Bild Fuldaer Zeitung: SuedLink rot, Windkraft blau<\/p>\n<p>500 Hektar Windvorrangfl\u00e4che sind f\u00fcr die Gemeinde Burghaun geplant, das sind ca. 13% der Gesamtfl\u00e4che &#8211; und der gr\u00f6\u00dfte Teil davon entf\u00e4llt auf den Kiebitzgrund. Bald wird sich unser Leben zwischen Schwerlasttransportern, Dreck und L\u00e4rm abspielen. Keine sch\u00f6nen Aussichten. Teure Renaturierungsma\u00dfnahmen die im Zuge der letzten Gro\u00dfbaustelle, der ICE-Trasse, notwendig geworden waren &#8211; umsonst. Was ist los in diesem Land? Wir h\u00f6ren nichts &#8211; wir sehen nichts &#8211; wir sagen nichts? Ist das die innenpolitische Strategie der Bundesregierung?<\/p>\n<p>Wir Menschen aus dem Kiebitzgrund werden nicht m\u00fcde werden zu protestieren, weil man uns sonst vergisst. Doch wir brauchen Hilfe, weil wir nicht bedeutend genug sind, um geh\u00f6rt zu werden. Wir haben keine Lobby und niemanden der sich f\u00fcr uns einsetzt. Ein kleiner Fleck auf der Landkarte, im Randgebiet zweier Landkreise, von der Politik nun als\u00a0 ideale Zone entdeckt, um alle Probleme loszuwerden. SuedLink? Ab in den Kiebitzgrund! Windkraft? Kein Problem, passt in den Kiebitzgrund! Schlotzau, Gro\u00dfenmoor, Hechelmannskirchen und Langenschwarz, D\u00f6rfer ohne Zukunft. Wir werden alles daran setzten, dass es nicht so weit kommt! Willk\u00fcrlich einer Energiewende geopfert zu werden, die ihren Namen zu Unrecht tr\u00e4gt, werden wir nicht dulden. Und so k\u00e4mpfen wir unserern schwersten Kampf, mit Herzblut und allen M\u00f6glichkeiten die sich uns bieten.<\/p>\n<p>Wir sind keine B\u00fcrger zweiter Wahl und daher setzen wir uns weiterhin zur Wehr. Keine gesetzlich vorgeschriebenen Abstandsregelungen sch\u00fctzen uns vor Trassenplanung in direkter N\u00e4he zu den H\u00e4usern und auch die H10 Regelung\u00a0f\u00fcr Windkraftr\u00e4der (H\u00f6he des Windrades x 10 = Abstand), wie z.B. in Bayern vorgeschrieben, gilt nicht. Wir gehen be\u00e4ngstigenden Zeiten entgegen und hoffen dennoch, dass unsere kleine, heile Welt noch nicht ganz verloren ist.<\/p>\n<hr \/>\n<p>Die BI Fuldatal fand den folgenden Filmbeitrag\u00a0(ca. 30 min) in der Mediathek des MDR und am Beispiel Th\u00fcringer Wald zeigt sich, wie es bald im Landkreis Fulda und speziell im Kiebitzgrund aussehen k\u00f6nnte.<\/p>\n<p><a href=\"http:\/\/www.mdr.de\/mediathek\/fernsehen\/video194784_zc-7931f8bf_zs-2d7967f4.html\">Die verlorene Welt<\/a>.<\/p>\n","protected":false},"excerpt":{"rendered":"<p>Wir nehmen eure Anliegen ernst! Wir setzen uns f\u00fcr euch ein! Unsere D\u00f6rfer haben Zukunft! Parolen, die man in Wahlkampfzeiten von allen potentiellen Kandidaten h\u00f6ren kann. Visionen werden gezeichnet, Hoffnungen gesch\u00fcrt, ein Hauch von Aufbruchstimmung macht sich breit. Doch was helfen gut gemeinte Worte und Enthusiasmus, wenn auf Regierungsebene schon l\u00e4ngst alles in die Wege &hellip; <\/p>\n<p class=\"link-more\"><a href=\"https:\/\/kiebitzgrund-aktiv.de\/?p=998\" class=\"more-link\"><span class=\"screen-reader-text\">\u201eDie verlorene Welt\u201c<\/span> weiterlesen<\/a><\/p>\n","protected":false},"author":1,"featured_media":1028,"comment_status":"closed","ping_status":"closed","sticky":false,"template":"","format":"standard","meta":{"jetpack_post_was_ever_published":false,"_jetpack_newsletter_access":"","_jetpack_dont_email_post_to_subs":false,"_jetpack_newsletter_tier_id":0,"_jetpack_memberships_contains_paywalled_content":false,"_jetpack_memberships_contains_paid_content":false,"footnotes":"","jetpack_publicize_message":"","jetpack_publicize_feature_enabled":true,"jetpack_social_post_already_shared":true,"jetpack_social_options":{"image_generator_settings":{"template":"highway","enabled":false}}},"categories":[1],"tags":[],"jetpack_publicize_connections":[],"jetpack_featured_media_url":"https:\/\/i0.wp.com\/kiebitzgrund-aktiv.de\/wp-content\/uploads\/2014\/11\/Echt2.jpg?fit=737%2C382&ssl=1","jetpack_shortlink":"https:\/\/wp.me\/p4Zmmr-g6","jetpack_sharing_enabled":true,"jetpack_likes_enabled":true,"jetpack-related-posts":[],"_links":{"self":[{"href":"https:\/\/kiebitzgrund-aktiv.de\/index.php?rest_route=\/wp\/v2\/posts\/998"}],"collection":[{"href":"https:\/\/kiebitzgrund-aktiv.de\/index.php?rest_route=\/wp\/v2\/posts"}],"about":[{"href":"https:\/\/kiebitzgrund-aktiv.de\/index.php?rest_route=\/wp\/v2\/types\/post"}],"author":[{"embeddable":true,"href":"https:\/\/kiebitzgrund-aktiv.de\/index.php?rest_route=\/wp\/v2\/users\/1"}],"replies":[{"embeddable":true,"href":"https:\/\/kiebitzgrund-aktiv.de\/index.php?rest_route=%2Fwp%2Fv2%2Fcomments&post=998"}],"version-history":[{"count":25,"href":"https:\/\/kiebitzgrund-aktiv.de\/index.php?rest_route=\/wp\/v2\/posts\/998\/revisions"}],"predecessor-version":[{"id":1027,"href":"https:\/\/kiebitzgrund-aktiv.de\/index.php?rest_route=\/wp\/v2\/posts\/998\/revisions\/1027"}],"wp:featuredmedia":[{"embeddable":true,"href":"https:\/\/kiebitzgrund-aktiv.de\/index.php?rest_route=\/wp\/v2\/media\/1028"}],"wp:attachment":[{"href":"https:\/\/kiebitzgrund-aktiv.de\/index.php?rest_route=%2Fwp%2Fv2%2Fmedia&parent=998"}],"wp:term":[{"taxonomy":"category","embeddable":true,"href":"https:\/\/kiebitzgrund-aktiv.de\/index.php?rest_route=%2Fwp%2Fv2%2Fcategories&post=998"},{"taxonomy":"post_tag","embeddable":true,"href":"https:\/\/kiebitzgrund-aktiv.de\/index.php?rest_route=%2Fwp%2Fv2%2Ftags&post=998"}],"curies":[{"name":"wp","href":"https:\/\/api.w.org\/{rel}","templated":true}]}}