{"id":4665,"date":"2022-01-20T10:40:03","date_gmt":"2022-01-20T09:40:03","guid":{"rendered":"http:\/\/kiebitzgrund-aktiv.de\/?p=4665"},"modified":"2022-01-20T10:40:06","modified_gmt":"2022-01-20T09:40:06","slug":"online-informationsveranstaltung-am-20-01-2022","status":"publish","type":"post","link":"https:\/\/kiebitzgrund-aktiv.de\/?p=4665","title":{"rendered":"Online-Informationsveranstaltung am 20.01.2022"},"content":{"rendered":"<p style=\"text-align: justify;\">2022 wird das Entscheidungsjahr f\u00fcr den Kiebitzgrund. Welche Gro\u00dfprojekte werden die Region treffen? Die Fulda-Main-Leitung wird nach wie vor hei\u00df diskutiert und daher ist es ratsam, sich auch \u00fcber die negativen Auswirkungen dieser 380 kV Leitung zu informieren. Immer h\u00e4ufiger wird die Notwendigkeit des geplanten \u00dcbertragungsnetzausbaus hinterfragt, denn f\u00fcr die Energiewende sind vor allem dezentrale Energiekonzepte der Schl\u00fcssel zum Erfolg. <\/p>\n<p style=\"text-align: justify;\">Erneut bietet das <a href=\"http:\/\/www.stromautobahn.de\">Aktionsb\u00fcndnis der Trassengegner<\/a> einen Informationsabend an und gibt damit Betroffenen entlang der geplanten gro\u00dfen Stromtrassen eine Stimme, um auf die konkreten Probleme f\u00fcr Gemeinden, Landwirte und Grundst\u00fccksbesitzer aufmerksam zu machen.<\/p>\n<p><strong>\u201eZutritt f\u00fcr Tennet, Amprion und Co. zulassen?\u201c<\/strong><\/p>\n<p><strong>Online-Informationsabend am Donnerstag, 20. Januar 2022 um 19:00 Uhr<br><\/strong><strong><br>mit Rechtsanwalt Wolfgang Baumann<br>und Dr. Werner Neumann (Sprecher des Arbeitskreis Energie im wissenschaftlichen Beirat des BUND e.V.)<\/strong><\/p>\n<p>Eine Anmeldung ist nicht erforderlich. Bitte mit Klarnamen teilnehmen. Link zur Veranstaltung:<br><a href=\"https:\/\/zoom.us\/j\/92286887854?pwd=NnRxVENSbGtOL1lPK3paWllpYzlCdz09\" target=\"_blank\" rel=\"nofollow noopener noreferrer\" data-saferedirecturl=\"https:\/\/www.google.com\/url?q=https:\/\/zoom.us\/j\/92286887854?pwd%3DNnRxVENSbGtOL1lPK3paWllpYzlCdz09&amp;source=gmail&amp;ust=1642756155833000&amp;usg=AOvVaw3y0DokJ7VgaGJ2X8WaNq8L\">https:\/\/zoom.us\/j\/92286887854?<wbr>pwd=<wbr>NnRxVENSbGtOL1lPK3paWllpYzlCdz<wbr>09<\/a><\/p>\n<p><\/p>\n<p style=\"text-align: justify;\">Aktuell laufen entlang zahlreicher geplanter Stromtrassen Kartierungsarbeiten, Bodenuntersuchungen und weitere Vorarbeiten durch die \u00dcbertragungsnetzbetreiber. Ein Gro\u00dfteil der Betroffenen f\u00fchlt sich angesichts zahlreicher Fragestellungen, die mit dem Stromleitungsbau entstehen, alleine gelassen von den Vertretern aus Landes- und Bundespolitik. Denn die politischen Entscheidungstr\u00e4ger entziehen sich der Diskussion um den Sinn des massiven Netzausbaus, obwohl anhand aktueller energiepolitischer Entwicklungen mehr denn je deutlich wird, dass die Trassen-Planungen den europ\u00e4ischen Handel mit Atom- und Kohlestrom st\u00e4rken.<\/p>\n<p style=\"text-align: justify;\">Die Auswirkungen der Gro\u00dfprojekte w\u00fcrden massiv sein: Die Menschen vor Ort sehen sich Problemen gegen\u00fcbergestellt wie abgeholzten W\u00e4ldern, einem zerst\u00f6rtem Bodenleben, einer gef\u00e4hrdeten Trinkwasserversorgung, der drohenden Verschmutzung des Grundwassers und vielen weiteren. Dies scheint bislang kaum im \u00f6ffentlichen Bewusstsein angekommen zu sein, denn Informationen und fundierte, abgeschlossene Forschungsprojekte zu den m\u00f6glichen Umweltgefahren existieren kaum.<\/p>\n<p style=\"text-align: justify;\">Vielen Betroffenen ist nicht bekannt, dass sie sich gegen Vorarbeiten f\u00fcr den Leitungsbau gegebenenfalls zur Wehr setzen k\u00f6nnen. Wann und warum dies wichtig ist, was es n\u00fctzen kann und warum der geplante \u00dcbertragungsnetzausbau der Energiewende, dem Klimaschutz und Mensch und Umwelt schadet, erkl\u00e4ren die Experten. Referent f\u00fcr die rechtlichen Fragen ist der W\u00fcrzburger Rechtsanwalt Wolfgang Baumann.<\/p>\n<p style=\"text-align: justify;\">Die Veranstaltung richtet sich nicht nur an Grundbesitzer und P\u00e4chter entlang der geplanten gro\u00dfen Trassen &#8211; S\u00fcdlink, S\u00fcdostlink, Ultranet, Fulda-Main-Leitung P43, Juraleitung P53, Ostbayernring und weitere -, sondern auch an all diejenigen, die sich f\u00fcr das Thema Stromnetzausbau und Energiewende interessieren. Dr. Werner Neumann, Sprecher des Arbeitskreis Energie im wissenschaftlichen Beirat des BUND e.V., wird in einem Impulsvortrag die Position des Umweltverbandes darstellen.<\/p>\n<p><a href=\"http:\/\/kiebitzgrund-aktiv.de\/?attachment_id=4684\" rel=\"attachment wp-att-4684\"><img loading=\"lazy\" decoding=\"async\" data-attachment-id=\"4684\" data-permalink=\"https:\/\/kiebitzgrund-aktiv.de\/?attachment_id=4684\" data-orig-file=\"https:\/\/i0.wp.com\/kiebitzgrund-aktiv.de\/wp-content\/uploads\/2022\/01\/Einladung_Online-Veranstaltung-20.01.2022_19.00-Uhr.jpg?fit=554%2C388&amp;ssl=1\" data-orig-size=\"554,388\" data-comments-opened=\"0\" data-image-meta=\"{&quot;aperture&quot;:&quot;0&quot;,&quot;credit&quot;:&quot;&quot;,&quot;camera&quot;:&quot;&quot;,&quot;caption&quot;:&quot;&quot;,&quot;created_timestamp&quot;:&quot;0&quot;,&quot;copyright&quot;:&quot;&quot;,&quot;focal_length&quot;:&quot;0&quot;,&quot;iso&quot;:&quot;0&quot;,&quot;shutter_speed&quot;:&quot;0&quot;,&quot;title&quot;:&quot;&quot;,&quot;orientation&quot;:&quot;0&quot;}\" data-image-title=\"Einladung_Online-Veranstaltung 20.01.2022_19.00 Uhr\" data-image-description=\"\" data-image-caption=\"\" data-medium-file=\"https:\/\/i0.wp.com\/kiebitzgrund-aktiv.de\/wp-content\/uploads\/2022\/01\/Einladung_Online-Veranstaltung-20.01.2022_19.00-Uhr.jpg?fit=300%2C210&amp;ssl=1\" data-large-file=\"https:\/\/i0.wp.com\/kiebitzgrund-aktiv.de\/wp-content\/uploads\/2022\/01\/Einladung_Online-Veranstaltung-20.01.2022_19.00-Uhr.jpg?fit=525%2C368&amp;ssl=1\" class=\"alignnone  wp-image-4684\" src=\"https:\/\/i0.wp.com\/kiebitzgrund-aktiv.de\/wp-content\/uploads\/2022\/01\/Einladung_Online-Veranstaltung-20.01.2022_19.00-Uhr.jpg?resize=525%2C367\" alt=\"\" width=\"525\" height=\"367\" srcset=\"https:\/\/i0.wp.com\/kiebitzgrund-aktiv.de\/wp-content\/uploads\/2022\/01\/Einladung_Online-Veranstaltung-20.01.2022_19.00-Uhr.jpg?resize=300%2C210&amp;ssl=1 300w, https:\/\/i0.wp.com\/kiebitzgrund-aktiv.de\/wp-content\/uploads\/2022\/01\/Einladung_Online-Veranstaltung-20.01.2022_19.00-Uhr.jpg?w=554&amp;ssl=1 554w\" sizes=\"(max-width: 525px) 100vw, 525px\" data-recalc-dims=\"1\" \/><\/a><\/p>\n\n\n<p><\/p>\n","protected":false},"excerpt":{"rendered":"<p>2022 wird das Entscheidungsjahr f\u00fcr den Kiebitzgrund. Welche Gro\u00dfprojekte werden die Region treffen? Die Fulda-Main-Leitung wird nach wie vor hei\u00df diskutiert und daher ist es ratsam, sich auch \u00fcber die negativen Auswirkungen dieser 380 kV Leitung zu informieren. Immer h\u00e4ufiger wird die Notwendigkeit des geplanten \u00dcbertragungsnetzausbaus hinterfragt, denn f\u00fcr die Energiewende sind vor allem dezentrale &hellip; <\/p>\n<p class=\"link-more\"><a href=\"https:\/\/kiebitzgrund-aktiv.de\/?p=4665\" class=\"more-link\"><span class=\"screen-reader-text\">\u201eOnline-Informationsveranstaltung am 20.01.2022\u201c<\/span> weiterlesen<\/a><\/p>\n","protected":false},"author":1,"featured_media":0,"comment_status":"closed","ping_status":"closed","sticky":false,"template":"","format":"standard","meta":{"jetpack_post_was_ever_published":false,"_jetpack_newsletter_access":"","_jetpack_dont_email_post_to_subs":false,"_jetpack_newsletter_tier_id":0,"_jetpack_memberships_contains_paywalled_content":false,"_jetpack_memberships_contains_paid_content":false,"footnotes":"","jetpack_publicize_message":"","jetpack_publicize_feature_enabled":true,"jetpack_social_post_already_shared":true,"jetpack_social_options":{"image_generator_settings":{"template":"highway","enabled":false}}},"categories":[1,5,3],"tags":[],"jetpack_publicize_connections":[],"jetpack_featured_media_url":"","jetpack_shortlink":"https:\/\/wp.me\/p4Zmmr-1df","jetpack_sharing_enabled":true,"jetpack_likes_enabled":true,"jetpack-related-posts":[],"_links":{"self":[{"href":"https:\/\/kiebitzgrund-aktiv.de\/index.php?rest_route=\/wp\/v2\/posts\/4665"}],"collection":[{"href":"https:\/\/kiebitzgrund-aktiv.de\/index.php?rest_route=\/wp\/v2\/posts"}],"about":[{"href":"https:\/\/kiebitzgrund-aktiv.de\/index.php?rest_route=\/wp\/v2\/types\/post"}],"author":[{"embeddable":true,"href":"https:\/\/kiebitzgrund-aktiv.de\/index.php?rest_route=\/wp\/v2\/users\/1"}],"replies":[{"embeddable":true,"href":"https:\/\/kiebitzgrund-aktiv.de\/index.php?rest_route=%2Fwp%2Fv2%2Fcomments&post=4665"}],"version-history":[{"count":8,"href":"https:\/\/kiebitzgrund-aktiv.de\/index.php?rest_route=\/wp\/v2\/posts\/4665\/revisions"}],"predecessor-version":[{"id":4690,"href":"https:\/\/kiebitzgrund-aktiv.de\/index.php?rest_route=\/wp\/v2\/posts\/4665\/revisions\/4690"}],"wp:attachment":[{"href":"https:\/\/kiebitzgrund-aktiv.de\/index.php?rest_route=%2Fwp%2Fv2%2Fmedia&parent=4665"}],"wp:term":[{"taxonomy":"category","embeddable":true,"href":"https:\/\/kiebitzgrund-aktiv.de\/index.php?rest_route=%2Fwp%2Fv2%2Fcategories&post=4665"},{"taxonomy":"post_tag","embeddable":true,"href":"https:\/\/kiebitzgrund-aktiv.de\/index.php?rest_route=%2Fwp%2Fv2%2Ftags&post=4665"}],"curies":[{"name":"wp","href":"https:\/\/api.w.org\/{rel}","templated":true}]}}