{"id":4131,"date":"2018-03-10T09:36:49","date_gmt":"2018-03-10T08:36:49","guid":{"rendered":"http:\/\/kiebitzgrund-aktiv.de\/?p=4131"},"modified":"2018-03-10T21:47:25","modified_gmt":"2018-03-10T20:47:25","slug":"buergerinitiativen-konvent-am-24-03-2018-in-fulda","status":"publish","type":"post","link":"https:\/\/kiebitzgrund-aktiv.de\/?p=4131","title":{"rendered":"B\u00fcrgerinitiativen-Konvent am 24.03.2018 in Fulda"},"content":{"rendered":"<p><a href=\"http:\/\/kiebitzgrund-aktiv.de\/?attachment_id=4158\" rel=\"attachment wp-att-4158\"><img decoding=\"async\" data-attachment-id=\"4158\" data-permalink=\"https:\/\/kiebitzgrund-aktiv.de\/?attachment_id=4158\" data-orig-file=\"https:\/\/i0.wp.com\/kiebitzgrund-aktiv.de\/wp-content\/uploads\/2018\/03\/Bild_BI_Konvent_Flyer.jpg?fit=2480%2C1828&amp;ssl=1\" data-orig-size=\"2480,1828\" data-comments-opened=\"0\" data-image-meta=\"{&quot;aperture&quot;:&quot;0&quot;,&quot;credit&quot;:&quot;&quot;,&quot;camera&quot;:&quot;&quot;,&quot;caption&quot;:&quot;&quot;,&quot;created_timestamp&quot;:&quot;0&quot;,&quot;copyright&quot;:&quot;&quot;,&quot;focal_length&quot;:&quot;0&quot;,&quot;iso&quot;:&quot;0&quot;,&quot;shutter_speed&quot;:&quot;0&quot;,&quot;title&quot;:&quot;&quot;,&quot;orientation&quot;:&quot;0&quot;}\" data-image-title=\"Bild_BI_Konvent_Flyer\" data-image-description=\"\" data-image-caption=\"\" data-medium-file=\"https:\/\/i0.wp.com\/kiebitzgrund-aktiv.de\/wp-content\/uploads\/2018\/03\/Bild_BI_Konvent_Flyer.jpg?fit=300%2C221&amp;ssl=1\" data-large-file=\"https:\/\/i0.wp.com\/kiebitzgrund-aktiv.de\/wp-content\/uploads\/2018\/03\/Bild_BI_Konvent_Flyer.jpg?fit=525%2C387&amp;ssl=1\" class=\"alignnone wp-image-4158 size-large\" src=\"https:\/\/i0.wp.com\/kiebitzgrund-aktiv.de\/wp-content\/uploads\/2018\/03\/Bild_BI_Konvent_Flyer.jpg?fit=525%2C525\" alt=\"\" width=\"525\" srcset=\"https:\/\/i0.wp.com\/kiebitzgrund-aktiv.de\/wp-content\/uploads\/2018\/03\/Bild_BI_Konvent_Flyer.jpg?resize=1024%2C755&amp;ssl=1 1024w, https:\/\/i0.wp.com\/kiebitzgrund-aktiv.de\/wp-content\/uploads\/2018\/03\/Bild_BI_Konvent_Flyer.jpg?resize=300%2C221&amp;ssl=1 300w, https:\/\/i0.wp.com\/kiebitzgrund-aktiv.de\/wp-content\/uploads\/2018\/03\/Bild_BI_Konvent_Flyer.jpg?resize=768%2C566&amp;ssl=1 768w, https:\/\/i0.wp.com\/kiebitzgrund-aktiv.de\/wp-content\/uploads\/2018\/03\/Bild_BI_Konvent_Flyer.jpg?w=1575 1575w\" sizes=\"(max-width: 767px) 89vw, (max-width: 1000px) 54vw, (max-width: 1071px) 543px, 580px\" data-recalc-dims=\"1\" \/><\/a><\/p>\n<p style=\"text-align: justify;\">Der Bundesverband der B\u00fcrgerinitiativen gegen SuedLink (BBgS) veranstaltet in Fulda einen Konvent zum Thema:<\/p>\n<p><a href=\"http:\/\/bundesverband-gegen-suedlink.de\/?p=1325\"><span style=\"color: #008000;\">SuedLink \/ SuedOstLink \/ Ultranet<\/span><br \/>\n<span style=\"color: #008000;\"> im Spannungsfeld von Energiewende, Politik und Netzausbau<\/span><\/a><\/p>\n<p style=\"text-align: justify;\">Auch in der Region Fulda erhitzt das Thema &#8222;Neue Stromnetze&#8220; weiterhin die Gem\u00fcter, denn seit im Rahmen der Bundesfachplanung (dem offiziellen Verfahren der Stromnetzplanung) neue Alternativen zum Trassenverlauf des SuedLink eingereicht wurden, sind auch Regionen in Osthessen in die Grobplanung einbezogen, die bisher nicht im offiziellen Untersuchungsrahmen lagen.<br \/>\nDer \u00dcbertragungsnetzbetreiber TenneT h\u00e4lt sich bedeckt, man will angeblich die Menschen nicht vorschnell beunruhigen, doch im Hintergrund werden Kommunalpolitiker bereits informiert, dass eine neue Betroffenheit in den Landkreisen Hersfeld\/Rotenburg, Fulda aber auch im Vogelsberg\u00a0 durchaus m\u00f6glich sein k\u00f6nnte.<\/p>\n<p style=\"text-align: justify;\"><span style=\"color: #008000;\">Die Energienetze der Zukunft verkn\u00fcpfen aktiv alle Sektoren: Strom und Gas, Energie und Mobilit\u00e4t,\u00a0 <a href=\"https:\/\/www.bmwi-energiewende.de\/EWD\/Redaktion\/Newsletter\/2016\/06\/Meldung\/direkt-erklaert.html\">Prosumer(?)<\/a> und Speicher.<\/span><\/p>\n<p style=\"text-align: justify;\">Nur Durchleitung von Energie von A und B \u2013 das war einmal. Umso wichtiger ist es, dass sich B\u00fcrgerinnen und B\u00fcrger informieren. Die Energieversorgung in Deutschland wird sich in den n\u00e4chsten Jahren gravierend ver\u00e4ndern.\u00a0 Der geplante Stromnetzausbau betrifft uns alle! Und: SuedLink ist erst der Anfang!<br \/>\nWir, die Stromkunden und Steuerzahler, werden diesen Netzausbau bezahlen m\u00fcssen. Wir, die betroffenen B\u00fcrgerinnen und B\u00fcrger, werden mit den gesundheitlichen Risiken und den massiven Eingriffen in Umwelt und Natur leben m\u00fcssen.<\/p>\n<p style=\"text-align: justify;\"><a href=\"http:\/\/bundesverband-gegen-suedlink.de\/?page_id=54\"><span style=\"color: #008000;\">Der BBgS versucht seit Jahren aktiv Einfluss auf die Netzpolitik\u00a0 zu nehmen und ist bem\u00fcht Alternativen zu den gro\u00dfen HG\u00dc-Leitungen aufzuzeigen.<\/span> <\/a><\/p>\n<p style=\"text-align: justify;\">In zahlreichen Termingespr\u00e4chen bei Politik, der Bundesnetzagentur und auch bei den \u00dcbertragungsnetzbetreibern vertritt der Verband die Interessen von vielen B\u00fcrgerinitiativen. Stellungnahmen werden eingereicht und die Mitglieder \u00fcber den aktuellen Stand der Netzplanungen informiert. Es ist an der Zeit, dass wieder einmal ein gemeinsames Zeichen gesetzt wird. Nicht das St.-Florians-Prinzip (&#8222;egal wo, Hauptsache nicht bei mir&#8220;) sollte dabei im Vordergrund stehen, sondern das gemeinsame Ziel, einen \u00fcberdimensionierten Netzausbau zu Lasten der Bev\u00f6lkerung zu verhindern. Verantwortungsvolles Handeln f\u00fcr nachhaltigen Klima- und Umweltschutz, das ist unsere Verpflichtung &#8211; das sind wir nachfolgenden Generationen schuldig.<\/p>\n<p style=\"text-align: justify;\">KIEBITZGRUND<span style=\"color: #008000;\"><em>aktiv<\/em><\/span> und die BI Fuldatal e.V. unterst\u00fctzen daher den BBgS bei der Planung des Konvents in Fulda, der unter der Schirmherrschaft des Oberb\u00fcrgermeisters der Stadt, Dr. Heiko Wingenfeld steht. Gemeinsam fordern wir alle B\u00fcrgerinnen und B\u00fcrger auf mit uns ein Zeichen zu setzen, treffend nach dem Motto der BI Bergrheinfeld:<\/p>\n<p><span style=\"color: #008000;\">Wer k\u00e4mpft, kann verlieren.<\/span><br \/>\n<span style=\"color: #008000;\"> Wer nicht k\u00e4mpft, hat schon verloren.<\/span><\/p>\n<p>Wir sind nicht nur f\u00fcr die Dinge verantwortlich die wir tun, sondern auch f\u00fcr die, die wir nicht tun. Daher unser dringender Appell an alle:<\/p>\n<p><span style=\"color: #ff0000;\">Unterst\u00fctzen Sie die Veranstalter des Konvents in Fulda durch Ihre Teilnahme!<\/span><\/p>\n<div>\n<hr \/>\n<\/div>\n","protected":false},"excerpt":{"rendered":"<p>Der Bundesverband der B\u00fcrgerinitiativen gegen SuedLink (BBgS) veranstaltet in Fulda einen Konvent zum Thema: SuedLink \/ SuedOstLink \/ Ultranet im Spannungsfeld von Energiewende, Politik und Netzausbau Auch in der Region Fulda erhitzt das Thema &#8222;Neue Stromnetze&#8220; weiterhin die Gem\u00fcter, denn seit im Rahmen der Bundesfachplanung (dem offiziellen Verfahren der Stromnetzplanung) neue Alternativen zum Trassenverlauf des &hellip; <\/p>\n<p class=\"link-more\"><a href=\"https:\/\/kiebitzgrund-aktiv.de\/?p=4131\" class=\"more-link\"><span class=\"screen-reader-text\">\u201eB\u00fcrgerinitiativen-Konvent am 24.03.2018 in Fulda\u201c<\/span> weiterlesen<\/a><\/p>\n","protected":false},"author":1,"featured_media":0,"comment_status":"closed","ping_status":"closed","sticky":false,"template":"","format":"standard","meta":{"jetpack_post_was_ever_published":false,"_jetpack_newsletter_access":"","_jetpack_dont_email_post_to_subs":false,"_jetpack_newsletter_tier_id":0,"_jetpack_memberships_contains_paywalled_content":false,"_jetpack_memberships_contains_paid_content":false,"footnotes":"","jetpack_publicize_message":"","jetpack_publicize_feature_enabled":true,"jetpack_social_post_already_shared":true,"jetpack_social_options":{"image_generator_settings":{"template":"highway","enabled":false}}},"categories":[1,3,6],"tags":[],"jetpack_publicize_connections":[],"jetpack_featured_media_url":"","jetpack_shortlink":"https:\/\/wp.me\/p4Zmmr-14D","jetpack_sharing_enabled":true,"jetpack_likes_enabled":true,"jetpack-related-posts":[],"_links":{"self":[{"href":"https:\/\/kiebitzgrund-aktiv.de\/index.php?rest_route=\/wp\/v2\/posts\/4131"}],"collection":[{"href":"https:\/\/kiebitzgrund-aktiv.de\/index.php?rest_route=\/wp\/v2\/posts"}],"about":[{"href":"https:\/\/kiebitzgrund-aktiv.de\/index.php?rest_route=\/wp\/v2\/types\/post"}],"author":[{"embeddable":true,"href":"https:\/\/kiebitzgrund-aktiv.de\/index.php?rest_route=\/wp\/v2\/users\/1"}],"replies":[{"embeddable":true,"href":"https:\/\/kiebitzgrund-aktiv.de\/index.php?rest_route=%2Fwp%2Fv2%2Fcomments&post=4131"}],"version-history":[{"count":40,"href":"https:\/\/kiebitzgrund-aktiv.de\/index.php?rest_route=\/wp\/v2\/posts\/4131\/revisions"}],"predecessor-version":[{"id":4166,"href":"https:\/\/kiebitzgrund-aktiv.de\/index.php?rest_route=\/wp\/v2\/posts\/4131\/revisions\/4166"}],"wp:attachment":[{"href":"https:\/\/kiebitzgrund-aktiv.de\/index.php?rest_route=%2Fwp%2Fv2%2Fmedia&parent=4131"}],"wp:term":[{"taxonomy":"category","embeddable":true,"href":"https:\/\/kiebitzgrund-aktiv.de\/index.php?rest_route=%2Fwp%2Fv2%2Fcategories&post=4131"},{"taxonomy":"post_tag","embeddable":true,"href":"https:\/\/kiebitzgrund-aktiv.de\/index.php?rest_route=%2Fwp%2Fv2%2Ftags&post=4131"}],"curies":[{"name":"wp","href":"https:\/\/api.w.org\/{rel}","templated":true}]}}