{"id":3120,"date":"2016-03-03T11:57:55","date_gmt":"2016-03-03T10:57:55","guid":{"rendered":"http:\/\/kiebitzgrund-aktiv.de\/?p=3120"},"modified":"2017-10-31T15:48:18","modified_gmt":"2017-10-31T14:48:18","slug":"stromtrassen-monolog-der-duh","status":"publish","type":"post","link":"https:\/\/kiebitzgrund-aktiv.de\/?p=3120","title":{"rendered":"Stromtrassen-Monolog der DUH"},"content":{"rendered":"<p style=\"text-align: justify;\"><span style=\"color: #808080;\"><em>Beitragsbild: Quelle Ausschnitt aus Flyer B\u00fcrgerdialog Stromnetz<\/em><\/span><\/p>\n<hr \/>\n<p style=\"text-align: justify;\">Seit Monaten tingelt die DUH im Auftrag des Bundeswirtschaftsministerium durch die Republik und veranstaltet sogenannte B\u00fcrgerdialogveranstaltungen zum Thema Stromnetz. Gerade die umstrittenen Gleichstromtrassen sind f\u00fcr uns hierbei das vorrangige Thema. Mit Hochglanzbrosch\u00fcren und ausgesuchten (DUH-konformen) Referenten in allen den Netzausbau betreffenden Bereichen, werben die Verantwortlichen f\u00fcr mehr Akzeptanz in der Bev\u00f6lkerung.<\/p>\n<p style=\"text-align: justify;\">Doch\u00a0 der Unmut \u00fcber eine einseitige Aufarbeitung der Thematik w\u00e4chst von Veranstaltung zu Veranstaltung und l\u00e4sst vermuten, dass durch offensichtlich gezielte Manipulationen in der Argumentationskette den B\u00fcrgern die M\u00f6glichkeit zur objektiven Bewertung von Notwendigkeit, Chancen und Risiken der ansgestrebten Stromnetzplanungen genommen werden soll.<\/p>\n<p style=\"text-align: justify;\"><strong>Dialog, Bedeutung: Gespr\u00e4ch zwischen Vertretern verschiedener Gruppen, die sich um gegenseitiges Verst\u00e4ndnis bem\u00fchen.<\/strong><!--more--><\/p>\n<p style=\"text-align: justify;\">Dar\u00fcber, wie Stromnetzausbau b\u00fcrgerfreundlich und umweltvertr\u00e4glich erfolgen kann, gibt es viele unterschiedliche Standpunkte, auch in der Fachwelt. Dies sollte respektiert und auch geb\u00fchrend kommuniziert werden.<\/p>\n<p style=\"text-align: justify;\"><a href=\"http:\/\/kiebitzgrund-aktiv.de\/wp-content\/uploads\/2016\/03\/3Akad_Stellungnahme_Flexibilitaetskonzepte.pdf\">Flexibilit\u00e4tskonzepte f\u00fcr die Stromversorgung 2050,<\/a> ist eine gemeinsame Stellungnahme von \u00fcber 100 Fachleuten aus Wissenschaft und Wirtschaft <sup> \u00ad<\/sup>liefert bereits gute Ans\u00e4tze, wie eine stabile Stromversorgung im Zeitalter der Erneuerbaren Energien zuverl\u00e4ssig gew\u00e4hrleistet werden kann. <a href=\"https:\/\/germanwatch.org\/de\/download\/11208.pdf\">German watch<\/a> und auch der <a href=\"http:\/\/www.bund-naturschutz.de\/fileadmin\/download\/energie\/Energie_Positionen_Stellungnahmen\/BUND_Naturschutz_Bayern_Stellungnahme_zu_NEP_2025_Entwurf_001_13-12-2015.pdf\">BUND<\/a> beteiligen sich seit Jahren fachlich fundiert an den Konsultationen zum Netzausbau. <a href=\"http:\/\/www.swr.de\/swrinfo\/interview-mit-claudia-kemfert-zur-enegiewende-den-faden-nicht-abreissen-lassen\/-\/id=7612\/did=16929294\/nid=7612\/1pjohjb\/index.html\">Frau Prof. Dr. Kemfert <\/a>wird ebenfalls gerne von uns zitiert und immer wieder erkennen wir, dass auch Experten alternative L\u00f6sungen zu Gleichstromtrassen sehen.<\/p>\n<p style=\"text-align: justify;\">Die DUH hingegen wirbt f\u00fcr den Bau der Gleichstromtrassen und will mit Hilfe des vielzitierten Dialogs B\u00fcrgerinnen und B\u00fcrger vor vollendete Tatsachen stellen, die M\u00f6glichkeit der Mitbestimmung war dabei nie Thema. Es kann nicht verwundern, dass somit viel Vertrauen in die Objektivit\u00e4t der DUH zerst\u00f6rt wird.<\/p>\n<p style=\"text-align: justify;\">Der urspr\u00fcngliche Auftrag der DUH, im B\u00fcrgerdialog Stromnetz die Mittlerfunktion zwischen Bundeswirtschaftsministerium und B\u00fcrgerschaft wahrzunehmen, wird nicht ausgef\u00fchrt. Hier werden\u00a0 Steuergelder f\u00fcr einen einseitigen Stromtrassen-Monolog vergeudet, ohne verbindliche R\u00fcckmeldung aus dem zust\u00e4ndigen Ministerium, ohne objektive Reflexion und ohne die erkennbare Bereitschaft, die B\u00fcrgerbelange ernst zu nehmen.<\/p>\n<p style=\"text-align: justify;\">Die B\u00fcrgerdialog Veranstaltung in Bad Br\u00fcckenau zum Thema Elektromagnetische Felder steht beispielhaft daf\u00fcr, wir die DUH mit den \u00c4ngsten und Sorgen der Bev\u00f6lkerung umgeht.<\/p>\n<p style=\"text-align: justify;\"><a href=\"http:\/\/kiebitzgrund-aktiv.de\/wp-content\/uploads\/2016\/03\/Hanna-Heinrich-EMF.pdf\">Frau Dr. Hannah Heinrich<\/a>, die eingeladene Referentin, erkl\u00e4rt die aus ihrer Sicht wissenschaftlich nachgewiesene Unbedenklichkeit von elektromagnetischen Feldern und erl\u00e4utert dies anhand ihres umfangreichen Folienmaterials. Nat\u00fcrlich darf auch bei ihr das Argument:\u201eWas nicht nachgewiesen ist, gibt es nicht.\u201c, nicht fehlen und auch die Behauptung: \u201eEs gibt keine Studien die eine potentielle Gefahr von EMF f\u00fcr die Bev\u00f6lkerung belegen k\u00f6nnen.\u201c, ist uns nicht fremd.<\/p>\n<p style=\"text-align: justify;\">Tatsache ist, viele Menschen machen sich Sorgen und diese Sorgen sollte man ernst nehmen. In den \u00f6ffentlichen Sitzungen im Bundestag zum Thema Energieleitungsbau wurde von Seiten der Sachverst\u00e4ndigen von m\u00f6glichen gesundheitlichen Risiken gesprochen und die Notwendigkeit von weiteren Forschungsprogrammen festgestellt. Frau Dr. Heinrich hat sich ihre Meinung bereits gebildet und sieht dies als unn\u00f6tig an, die DUH gibt ihr dabei eine ungefilterte Plattform.<\/p>\n<p style=\"text-align: justify;\">Es gibt elektrosensible Menschen und obwohl wissenschaftlich noch nicht eindeutig nachgewiesen, gesundheitliche Beschwerden treten auf. Die Strahlenbelastung nimmt allgemein im t\u00e4glichen Leben immer weiter zu und somit summieren sich die negativen Umtwelteinfl\u00fcsse. Im \u00dcbrigen gilt, was nicht hinreichend untersucht worden ist, kann auch nicht als unbedenklich dargestellt werden. Frau Dr. Heinrich spricht davon, dass allein die Einbildung von Risiken, Menschen krank machen kann. Nun, auch das sollte zum Nachdenken anregen.<\/p>\n<p style=\"text-align: justify;\">Das Format der DUH-Veranstaltungen ist falsch gew\u00e4hlt und f\u00fcr die \u00d6ffentlichkeit inakzeptabel. Wir erwarten vom B\u00fcrgerdialog, dass Experten mit unterschiedlichen Meinungen zur Diskussion eingeladen werden. Dies geschieht bei politischen Sendungen im Fernsehen, in Talkrunden und in allen uns bekannten Veranstaltungen zu Streitthemen des \u00f6ffentlichen Lebens. Dass es gerade beim Stromnetzausbau keine unterschiedlichen Standpunkte geben soll, ist uns \u00e4u\u00dferst suspekt und Verkaufsveranstaltungen f\u00fcr HG\u00dc-Leitungsbau sollten (wenn \u00fcberhaupt) von \u00dcNB finanziert werden und nicht von der \u00d6ffentlichkeit.<\/p>\n<p style=\"text-align: justify;\">Die DUH steht in der Verantwortung fair und vor allem umfangreich zu informieren. Das kann nur geschehen, wenn sich die Diskussion ausgewogen mit <strong>Pro und Kontra<\/strong> HG\u00dc-Leitungsbau besch\u00e4ftigt. Hintergr\u00fcnde und Berechnungsmodelle zum Bedarf sollten nachvollziehbar beleuchtet werden.<\/p>\n<p style=\"text-align: justify;\">Die Bundesnetzagentur hat zwischenzeitlich f\u00fcr \u00dcbertragungsnetzbetreiber verbindliche Richtlinien zur weiteren Planung der HG\u00dc-Trassen festgelegt. Das &#8222;Positionspapier zur Bundesfachplanung f\u00fcr Gleichstrom-Vorhaben mit gesetzlichem Erdkabelvorrang&#8220; wurde in Bonn bei einem Workshop vorgestellt und er\u00f6rtert. Der <a href=\"http:\/\/bundesverband-gegen-suedlink.de\/\">Bundesverband der B\u00fcrgerinitiativen gegen SuedLink<\/a> hat an dieser Veranstaltung teilgenommen und sich aktiv in die Diskussion um den geplanten Stromnetzausbau eingebracht. Viele Fragen sind offen und da die \u00dcbertragungsnetzbetreiber bereits im Sommer ihre neuen Trassenkorridor-Entw\u00fcrfe vorstellen m\u00f6chten, n\u00e4hert sich bereits der n\u00e4chste Konsultationstermin zur <a href=\"http:\/\/www.netzausbau.de\/5schritte\/bundesfachplanung\/de.html\">Bundesfachplanung<\/a>.<\/p>\n<p style=\"text-align: justify;\">F\u00fcr die Bev\u00f6lkerung bedeuten HG\u00dc-Leitungen eine gro\u00dfe Belastung, es ist legitim ein \u201ema\u00dfgeschneidertes Netz\u201c aus der Perspektive der Zivilgesellschaft einzufordern.<\/p>\n<p style=\"text-align: justify;\">Wir B\u00fcrger wissen, Netzoptimierung und -ausbau sind notwendig. Das ergibt sich auch aus der Tatsache, dass sich Netzbetreiber jahrzehntelang nur um ihre eigenen wirtschaftlichen Interessen und nicht um ausreichende Wartung und Instandhaltung der bestehenden Stromleitungen gek\u00fcmmert haben. Mit steigenden Kosten f\u00fcr Redispatch-Ma\u00dfnahmen zu drohen, w\u00e4hrend man bereits den bisherigen Netzausbauverpflichtungen (siehe EnLAG) nicht nachkommen konnte, ist f\u00fcr die Diskussion weder hilfreich noch nachvollziehbar.<\/p>\n<p style=\"text-align: justify;\">Gewinnoptimierung scheint in allen \u00dcberlegungen vordergr\u00fcndig zu sein. \u00dcbertragungsnetzbetreiber streiten um Zust\u00e4ndigkeitsbereiche und Verteilnetzbetreiber f\u00fcrchten weiter an Einfluss zu verlieren. Der Kampf um Strom hat l\u00e4ngst begonnen. Wir m\u00fcssen darauf achten, dass wir B\u00fcrgerinnnen und B\u00fcrger dabei nicht auf der Strecke bleiben.<\/p>\n<p>&nbsp;<\/p>\n","protected":false},"excerpt":{"rendered":"<p>Beitragsbild: Quelle Ausschnitt aus Flyer B\u00fcrgerdialog Stromnetz Seit Monaten tingelt die DUH im Auftrag des Bundeswirtschaftsministerium durch die Republik und veranstaltet sogenannte B\u00fcrgerdialogveranstaltungen zum Thema Stromnetz. Gerade die umstrittenen Gleichstromtrassen sind f\u00fcr uns hierbei das vorrangige Thema. Mit Hochglanzbrosch\u00fcren und ausgesuchten (DUH-konformen) Referenten in allen den Netzausbau betreffenden Bereichen, werben die Verantwortlichen f\u00fcr mehr Akzeptanz &hellip; <\/p>\n<p class=\"link-more\"><a href=\"https:\/\/kiebitzgrund-aktiv.de\/?p=3120\" class=\"more-link\"><span class=\"screen-reader-text\">\u201eStromtrassen-Monolog der DUH\u201c<\/span> weiterlesen<\/a><\/p>\n","protected":false},"author":1,"featured_media":3155,"comment_status":"closed","ping_status":"closed","sticky":false,"template":"","format":"standard","meta":{"jetpack_post_was_ever_published":false,"_jetpack_newsletter_access":"","_jetpack_dont_email_post_to_subs":false,"_jetpack_newsletter_tier_id":0,"_jetpack_memberships_contains_paywalled_content":false,"_jetpack_memberships_contains_paid_content":false,"footnotes":"","jetpack_publicize_message":"","jetpack_publicize_feature_enabled":true,"jetpack_social_post_already_shared":true,"jetpack_social_options":{"image_generator_settings":{"template":"highway","enabled":false}}},"categories":[1],"tags":[],"jetpack_publicize_connections":[],"jetpack_featured_media_url":"https:\/\/i0.wp.com\/kiebitzgrund-aktiv.de\/wp-content\/uploads\/2015\/12\/B\u00fcrgerdialog-3.jpg?fit=1868%2C1312&ssl=1","jetpack_shortlink":"https:\/\/wp.me\/p4Zmmr-Ok","jetpack_sharing_enabled":true,"jetpack_likes_enabled":true,"jetpack-related-posts":[],"_links":{"self":[{"href":"https:\/\/kiebitzgrund-aktiv.de\/index.php?rest_route=\/wp\/v2\/posts\/3120"}],"collection":[{"href":"https:\/\/kiebitzgrund-aktiv.de\/index.php?rest_route=\/wp\/v2\/posts"}],"about":[{"href":"https:\/\/kiebitzgrund-aktiv.de\/index.php?rest_route=\/wp\/v2\/types\/post"}],"author":[{"embeddable":true,"href":"https:\/\/kiebitzgrund-aktiv.de\/index.php?rest_route=\/wp\/v2\/users\/1"}],"replies":[{"embeddable":true,"href":"https:\/\/kiebitzgrund-aktiv.de\/index.php?rest_route=%2Fwp%2Fv2%2Fcomments&post=3120"}],"version-history":[{"count":23,"href":"https:\/\/kiebitzgrund-aktiv.de\/index.php?rest_route=\/wp\/v2\/posts\/3120\/revisions"}],"predecessor-version":[{"id":4019,"href":"https:\/\/kiebitzgrund-aktiv.de\/index.php?rest_route=\/wp\/v2\/posts\/3120\/revisions\/4019"}],"wp:featuredmedia":[{"embeddable":true,"href":"https:\/\/kiebitzgrund-aktiv.de\/index.php?rest_route=\/wp\/v2\/media\/3155"}],"wp:attachment":[{"href":"https:\/\/kiebitzgrund-aktiv.de\/index.php?rest_route=%2Fwp%2Fv2%2Fmedia&parent=3120"}],"wp:term":[{"taxonomy":"category","embeddable":true,"href":"https:\/\/kiebitzgrund-aktiv.de\/index.php?rest_route=%2Fwp%2Fv2%2Fcategories&post=3120"},{"taxonomy":"post_tag","embeddable":true,"href":"https:\/\/kiebitzgrund-aktiv.de\/index.php?rest_route=%2Fwp%2Fv2%2Ftags&post=3120"}],"curies":[{"name":"wp","href":"https:\/\/api.w.org\/{rel}","templated":true}]}}