{"id":2292,"date":"2015-05-21T13:41:02","date_gmt":"2015-05-21T11:41:02","guid":{"rendered":"http:\/\/kiebitzgrund-aktiv.de\/?p=2292"},"modified":"2015-10-18T16:21:35","modified_gmt":"2015-10-18T14:21:35","slug":"keiner-will-die-hgue-trassen","status":"publish","type":"post","link":"https:\/\/kiebitzgrund-aktiv.de\/?p=2292","title":{"rendered":"Keiner will die HG\u00dc-Trassen!"},"content":{"rendered":"<p>&nbsp;<\/p>\n<hr \/>\n<p>&nbsp;<\/p>\n<p>Es ist schon eigenartig, wie sich die Perspektive ver\u00e4ndert, wenn man pl\u00f6tzlich selbst betroffen ist. F\u00fcr alle Menschen entlang des von TenneT geplanten SuedLink-Vorzugskorridors waren die letzten Wochen gepr\u00e4gt von Zukunfts\u00e4ngsten und damit verbundener Hilflosigkeit. Die B\u00fcrgerinitiativen haben sich im gemeinsamen Protest verb\u00fcndet und man war sich einig, niemand will diese HG\u00dc-Trasse SuedLink!<\/p>\n<p>Das aktuelle Statement von Bayerns Wirtschaftministerin Aigner zur Trassenf\u00fchrung sorgte bei vielen Politikern f\u00fcr Aufruhr. Doch nun erkennt man die taktische Heuchelei der letzten Wochen und Monate. F\u00fcr Ost- und Nordhessen hat sich kein Mitglied der Landesregierung bisher stark gemacht, warum auch, die Trasse war ja weit genug entfernt &#8211; von Frankfurt, Offenbach und Gie\u00dfen. Den B\u00fcrgerinitiativen wurde vorgeworfen, man w\u00fcrde die Energiewende verhindern, sollte der Protest gegen SuedLink nicht aufh\u00f6ren.\u00a0 Der europ\u00e4ischen Gemeinschaft m\u00fcsse Rechnung getragen werden hie\u00df es von Seiten der BNetzA, ein gemeinsamer Stromhandelsmarkt sei unumg\u00e4nglich und nat\u00fcrlich k\u00f6nne durch das neue Stromnetz nicht nur &#8222;gr\u00fcner Strom&#8220; flie\u00dfen.<\/p>\n<p>Die Lobbyisten sind aufgeschreckt, die bisherige Strategie (Windstrom aus dem Norden muss in den\u00a0 S\u00fcden geleitet werden) geht nicht richtig auf. Was jetzt folgen wird, ist ein Machtwort aus dem Bundesministerium f\u00fcr Wirtschaft und Energie. Der Name des Ministeriums ist Programm &#8211; die Wirtschaft braucht Energie. Eilig werden weitere Infoveranstaltungen f\u00fcr uns B\u00fcrger organisiert, man will mit aller Macht die Akzeptanz f\u00fcr die HG\u00dc-Trassen herstellen. Wahrscheinlich aus Angst vor immer mehr B\u00fcrgerprotesten plant man noch vor der politischen Sommerpause eine Entscheidung zu den HG\u00dc-Trassen. Doch den SuedLink und auch die S\u00fcd-Ost-Trasse einfach als Fakt festzulegen, wird die Menschen nicht verstummen lassen. Wir erwarten ehrliches Verstehen und die Erkenntnis, dass solche gigantischen Infastrukturma\u00dfnahmen nicht ohne transparente Offenlegung der Hintergr\u00fcnde gebaut werden k\u00f6nnen.<\/p>\n<p>Nachfolgende Filme geben einen Einblick in die Arbeit der B\u00fcrgerinitativen und den anhaltenden Protest.<\/p>\n<p><a href=\"http:\/\/www.mediathek-hessen.de\/index.php?ka=1&amp;ska=medienview&amp;idv=11317\">Menschen unter Strom &#8211; eine Trasse zerst\u00f6rt die Region<\/a> 1\/2<\/p>\n<p><a href=\"http:\/\/www.mediathek-hessen.de\/index.php?ka=1&amp;ska=medienview&amp;idv=11318\">Menschen unter Strom &#8211; eine Trasse zerst\u00f6rt die Region<\/a> 2\/2<\/p>\n<p><a href=\"http:\/\/www.rtl-hessen.de\/video\/8420\/stromtrasse-fuer-alle\">Stromtrasse f\u00fcr alle?<\/a><\/p>\n<p>&nbsp;<\/p>\n<p>&nbsp;<\/p>\n<p>Wer direkt in seinem Lebensumfeld vom Bau der Trassen betroffen ist, wehrt sich. Und das zu Recht! Es muss ein klares Zeichen an die Politik gesetzt werden, das letzte Wort hat auch in diesem Fall der Souver\u00e4n &#8211; die Bev\u00f6lkerung!<\/p>\n<p>Rot-Gr\u00fcn erlebt zurzeit W\u00e4hlereinbr\u00fcche und wenn man sich in der Position zu SuedLink nicht endlich gespr\u00e4chsbereit zeigt &#8211; und zwar auf Bundesebene &#8211; wird sich dieser Trend fortsetzen. Die CDU steht genauso in der Pflicht und l\u00e4sst gerade in Hessen ein Mindestma\u00df an Verst\u00e4ndnis vermissen.<\/p>\n<p><strong>Der Landesverband der B\u00fcrgerinitiativen in Hessen schreibt in seiner j\u00fcngsten Presseerkl\u00e4rung vom 18.05.2015:<\/strong><\/p>\n<blockquote><p>Der Landesverband der B\u00fcrgerinitiativen in Hessen lehnt die SuedLink-Trasse bereits grunds\u00e4tzlich ab und erwartet nun von der Hessischen Landespolitik einen \u00fcberparteilichen Schulterschluss gegen SuedLink und zwar ohne Wenn und Aber. Der bayerische Vorsto\u00df und die Reaktionen aus Hessen und Baden-W\u00fcrttemberg zeigen es: Keiner will diese Monstertrasse vor der eigenen Haust\u00fcr haben, auch nicht Volker Bouffier und Tarek Al Wazir in ihren Vorg\u00e4rten und Wahlkreisen.<br \/>\nDeshalb kann es aus hessischer Perspektive nicht angehen, Nord- und Osthessen den SuedLink-Planungen ohne politische Gegenwehr zu \u201eopfern\u201c, nur damit der eigene Hausfrieden in S\u00fcdhessen gewahrt bleibt. Nicht das \u201eWie\u201c, sondern das \u201eOb\u201c des ganzen Vorhabens muss\u00a0grundlegend diskutiert und Alternativen gepr\u00fcft werden, lautet die zentrale Forderung der B\u00fcrgerinitiativen. Andernfalls wirkt die kategorische Ablehnung eines bestimmten Trassenverlaufs heuchlerisch und kann politisch nicht ernst genommen werden. Die hessische Landesregierung hat hier bislang auf ganzer Linie entt\u00e4uscht.<\/p>\n<p>Der bayerische Energiedialog hat gezeigt, dass man die Energiewende auch ohne die sog. Super-Grits SuedLink und S\u00fcd-Ost-Link gestalten und meistern kann. Da die Bundespolitik dieses Ergebnis ignorieren will und die Unterst\u00fctzung aus anderen betroffenen Bundesl\u00e4ndern ausbleibt, ist es aus bayerischer Sicht daher mehr als nachvollziehbar, sich vor die eigene Bev\u00f6lkerung zu stellen und einen Trassenverlauf \u00fcber eigenes Landesgebiet abzulehnen. Es handelt sich hier mehr als nur um einen Hilferuf oder Treppenwitz, es ist ein Weckruf an alle politisch Verantwortlichen in unserem Land, die Energiewende im Punkt Netzausbau grundlegend zu \u00fcberdenken.<\/p><\/blockquote>\n<p>Dem ist nichts mehr hinzuzuf\u00fcgen.<\/p>\n<p>&nbsp;<\/p>\n","protected":false},"excerpt":{"rendered":"<p>&nbsp; &nbsp; Es ist schon eigenartig, wie sich die Perspektive ver\u00e4ndert, wenn man pl\u00f6tzlich selbst betroffen ist. F\u00fcr alle Menschen entlang des von TenneT geplanten SuedLink-Vorzugskorridors waren die letzten Wochen gepr\u00e4gt von Zukunfts\u00e4ngsten und damit verbundener Hilflosigkeit. Die B\u00fcrgerinitiativen haben sich im gemeinsamen Protest verb\u00fcndet und man war sich einig, niemand will diese HG\u00dc-Trasse SuedLink! &hellip; <\/p>\n<p class=\"link-more\"><a href=\"https:\/\/kiebitzgrund-aktiv.de\/?p=2292\" class=\"more-link\"><span class=\"screen-reader-text\">\u201eKeiner will die HG\u00dc-Trassen!\u201c<\/span> weiterlesen<\/a><\/p>\n","protected":false},"author":1,"featured_media":0,"comment_status":"closed","ping_status":"closed","sticky":false,"template":"","format":"standard","meta":{"jetpack_post_was_ever_published":false,"_jetpack_newsletter_access":"","_jetpack_dont_email_post_to_subs":false,"_jetpack_newsletter_tier_id":0,"_jetpack_memberships_contains_paywalled_content":false,"_jetpack_memberships_contains_paid_content":false,"footnotes":"","jetpack_publicize_message":"","jetpack_publicize_feature_enabled":true,"jetpack_social_post_already_shared":true,"jetpack_social_options":{"image_generator_settings":{"template":"highway","enabled":false}}},"categories":[1],"tags":[],"jetpack_publicize_connections":[],"jetpack_featured_media_url":"","jetpack_shortlink":"https:\/\/wp.me\/p4Zmmr-AY","jetpack_sharing_enabled":true,"jetpack_likes_enabled":true,"jetpack-related-posts":[],"_links":{"self":[{"href":"https:\/\/kiebitzgrund-aktiv.de\/index.php?rest_route=\/wp\/v2\/posts\/2292"}],"collection":[{"href":"https:\/\/kiebitzgrund-aktiv.de\/index.php?rest_route=\/wp\/v2\/posts"}],"about":[{"href":"https:\/\/kiebitzgrund-aktiv.de\/index.php?rest_route=\/wp\/v2\/types\/post"}],"author":[{"embeddable":true,"href":"https:\/\/kiebitzgrund-aktiv.de\/index.php?rest_route=\/wp\/v2\/users\/1"}],"replies":[{"embeddable":true,"href":"https:\/\/kiebitzgrund-aktiv.de\/index.php?rest_route=%2Fwp%2Fv2%2Fcomments&post=2292"}],"version-history":[{"count":26,"href":"https:\/\/kiebitzgrund-aktiv.de\/index.php?rest_route=\/wp\/v2\/posts\/2292\/revisions"}],"predecessor-version":[{"id":2824,"href":"https:\/\/kiebitzgrund-aktiv.de\/index.php?rest_route=\/wp\/v2\/posts\/2292\/revisions\/2824"}],"wp:attachment":[{"href":"https:\/\/kiebitzgrund-aktiv.de\/index.php?rest_route=%2Fwp%2Fv2%2Fmedia&parent=2292"}],"wp:term":[{"taxonomy":"category","embeddable":true,"href":"https:\/\/kiebitzgrund-aktiv.de\/index.php?rest_route=%2Fwp%2Fv2%2Fcategories&post=2292"},{"taxonomy":"post_tag","embeddable":true,"href":"https:\/\/kiebitzgrund-aktiv.de\/index.php?rest_route=%2Fwp%2Fv2%2Ftags&post=2292"}],"curies":[{"name":"wp","href":"https:\/\/api.w.org\/{rel}","templated":true}]}}