{"id":2212,"date":"2015-04-29T11:02:37","date_gmt":"2015-04-29T09:02:37","guid":{"rendered":"http:\/\/kiebitzgrund-aktiv.de\/?p=2212"},"modified":"2015-04-29T11:50:10","modified_gmt":"2015-04-29T09:50:10","slug":"tag-der-erneuerbaren-energien","status":"publish","type":"post","link":"https:\/\/kiebitzgrund-aktiv.de\/?p=2212","title":{"rendered":"Tag der Erneuerbaren Energien"},"content":{"rendered":"<p>Am 25. April 2015 fand zum 20. Mal der Tag der Erneuerbaren Energien statt. An diesem Tag &#8211; der anf\u00e4nglich zum Gedenken an die Reaktorkatastrophe von Tschernobyl ausgerufen wurde &#8211; wurde die interessierte \u00d6ffentlichkeit bei zahlreichen Infoveranstaltungen \u00fcber Erneuerbare Energien aufgekl\u00e4rt.<\/p>\n<p>Deutschland ist bestens ger\u00fcstet, das konnte man in den letzten Wochen deutlich erkennen. Weder die Sonnenfinsternis am 20. M\u00e4rz, noch Orkan &#8222;Niklas&#8220; am Ende desselben Monats, haben das Stromsysthem lahm legen k\u00f6nnen. Das Netz hat diese extremen Belastungsproben bestanden. Auch der April sorgte durch sonniges und windreiches Wetter f\u00fcr Rekordwerte bei der Einspeisung von erneuerbarem Strom.<\/p>\n<p><a href=\"http:\/\/www.unendlich-viel-energie.de\/startseite\">Die Agentur f\u00fcr Erneuerbare Energien<\/a> schreibt:<\/p>\n<blockquote><p>&#8230;Doch auch jenseits extremer Ereignisse erwies sich, dass das Stromsystem mit launischem Wetter gut umgehen kann und gen\u00fcgend Flexibilit\u00e4t bereith\u00e4lt: Am Dienstag den 21. April erreichte die Solarstromproduktion allein einen neuen Rekordwert von 26 GW. Das geht aus Daten des Fraunhofer-Institus f\u00fcr Solare Energiesysteme hervor. Steinkohlekraftwerke reagierten darauf flexibel und reduzierten ihre Leistung von 14 GW in den Morgenstunden auf 8 GW zur Mittagszeit, Gaskraftwerke von 6 auf 4 GW. Die Atomkraftwerke sowie die besonders klimasch\u00e4dlichen Braunkohlemeiler liefen jedoch quasi ungedrosselt weiter&#8230;<\/p><\/blockquote>\n<p>Der angestrebte Netzausbau ist den Zugest\u00e4ndnissen an die Kohlewirtschaft geschuldet. Denn Kohlestrom kann immer, parallel zu Erneuerbaren Energien, eingespeist werden &#8211; daher das zeitweise \u00dcberangebot an Strom und die notwendige Regulierung der Einspeisung, bzw. billiger Verkauf ins Ausland. Es wird immer von den hohen Kosten f\u00fcr Gaskraftwerke gesprochen, aber wer bedenkt die finanziellen Belastungen die durch diese verfehlte Energiepolitik entstehen? Auch der \u00fcberfl\u00fcssige Netzausbau verschlingt Milliarden und wird durch die Netzentgelte finanziert werden. Bleibt nach wie vor die Frage nach der Nutzung von freiwerdenden Leitungen, wenn die Atomkraftwerke abgeschaltet sind.<\/p>\n<p>Die neueste Debatte im Bundestag zeigt wieder einmal auf, wie unterschiedlich die Parteien mit dem Thema Energiepolitik umgehen.\u00a0 B\u00fcndnis 90\/DIE GR\u00dcNEN entt\u00e4uschen durch Ignorieren der B\u00fcrgerbedenken und fehlende Diskussionsbereitschaft und ver\u00e4rgern auch langj\u00e4hrige Weggef\u00e4hrten mit ihrer unnachgiebigen und unverst\u00e4ndlichen Haltung. Einzig die LINKE scheint zurzeit glaubw\u00fcrdig den Netzausbau infrage zu stellen. <a href=\"http:\/\/www.bulling-schroeter.de\/endlich-transparenz-schaffen\/\">Frau Eva Bullin-Schr\u00f6ter<\/a>, Energiepolitische Sprecherin der LINKEN mahnt endlich zu mehr Transparenz:<\/p>\n<blockquote><p>Alles, womit die Bundesregierung argumentiert, ist das Ergebnis einer Modellrechnung, die Gesch\u00e4ftsgeheimnis der \u00dcbertragungsnetzbetreiber ist und zweifelhafte Annahmen f\u00fcr die Zukunft zugrunde legt.<\/p>\n<p>Wenn wir mit dem vorliegenden Gesetzentwurf die Bedingungen f\u00fcr die Erdverkabelung lockern und den Netzentwicklungsplan auf einen Zweijahresturnus umstellen, dann lassen Sie uns doch noch mehr beschlie\u00dfen: Sorgen wir daf\u00fcr, dass die Bev\u00f6lkerung, wir Abgeordnete und auch die Bundesregierung wissen k\u00f6nnen, womit der Netzbedarf \u00fcberhaupt errechnet wird.<\/p><\/blockquote>\n<p>Die neuesten Zahlen belegen, dass inzwischen mehr als ein Viertel der Energie in Deutschland durch Wasserkraft, Solar-, Wind- und Bioenergie gewonnen wird. Windanlagen sind die am meisten genutzten Energietr\u00e4ger. Womit wir immer wieder zur gleichen Erkenntnis gelangen: Wir brauchen Speichertechnologien, die es uns erm\u00f6glichen bei Bedarf flexibel auf den Strommarkt zu reagieren. Die Entwicklungen auf diesem Sektor schreiten rasch voran und wir wissen, dass in naher Zukunft bezahlbare und umweltfreundliche Speichertechniken zur Verf\u00fcgung stehen werden.<\/p>\n<p>Der Umweltgedanke sollte immer im Vordergrund stehen, denn einmal zerst\u00f6rte Natur ist unwiderbringlich verloren und auch durch Renaturierungsma\u00dfnahmen nicht mehr auszugleichen. So k\u00f6nnen die massiven Eingriffe in den Waldbestand und die notwendigen Abholzungen beim Bau von Windkraftanlagen dazu f\u00fchren, dass das gesamte bis dahin intakte Waldgef\u00fcge zerst\u00f6rt wird. Die immer h\u00e4ufiger auftretenden St\u00fcrme finden ungehindert\u00a0 neue Angriffsfl\u00e4chen und weiteres Waldgebiet ist nahezu schutzlos der Vernichtung preisgegeben. Auch erneuerbare Energien m\u00fcssen umweltschonend ausgebaut werden. Der WWF warnt vor beschleunigtem Klimawandel, sollte die weltweite\u00a0 Zerst\u00f6rung der W\u00e4lder aus wirtschaftlichen Gr\u00fcnden weiter anhalten. Dies gilt nicht nur f\u00fcr die gro\u00dfen Regenwaldgebiete, auch f\u00fcr unseren heimischen Wald gestaltet sich die zunehmende industrielle Ausbeutung als Problem.<\/p>\n<p>Wenn jetzt zus\u00e4tzlich noch B\u00e4ume wegen der Gleichstromtrasse SuedLink fallen m\u00fcssen, dann schw\u00e4cht dies erneut unser nat\u00fcrliches Wohnumfeld, unseren Erholungsraum Wald. Auch wenn Bedenken immer wieder beiseite gewischt werden, viele Beispiele der Vergangenheit zeigen: Ignoriert man die Warnsignale wird Umweltzerst\u00f6rung zum Bumerang. Klimakatastrophen mehren sich, Artenreichtum wird vernichtet, Tiere verlieren ihren nat\u00fcrlichen Lebensraum. Eine Buche, wie sie in unseren W\u00e4ldern noch h\u00e4ufig vorkommt, braucht 100 Jahre Wachstum. Alles wertlos wegen kurzzeitiger wirtschaftlicher Vorteile?<\/p>\n<p><strong><span lang=\"EN-US\" style=\"font-size: 10pt; font-family: 'Arial',sans-serif;\">\u00a0<\/span><\/strong><\/p>\n<p>&nbsp;<\/p>\n<p>&nbsp;<\/p>\n","protected":false},"excerpt":{"rendered":"<p>Am 25. April 2015 fand zum 20. Mal der Tag der Erneuerbaren Energien statt. An diesem Tag &#8211; der anf\u00e4nglich zum Gedenken an die Reaktorkatastrophe von Tschernobyl ausgerufen wurde &#8211; wurde die interessierte \u00d6ffentlichkeit bei zahlreichen Infoveranstaltungen \u00fcber Erneuerbare Energien aufgekl\u00e4rt. Deutschland ist bestens ger\u00fcstet, das konnte man in den letzten Wochen deutlich erkennen. Weder &hellip; <\/p>\n<p class=\"link-more\"><a href=\"https:\/\/kiebitzgrund-aktiv.de\/?p=2212\" class=\"more-link\"><span class=\"screen-reader-text\">\u201eTag der Erneuerbaren Energien\u201c<\/span> weiterlesen<\/a><\/p>\n","protected":false},"author":1,"featured_media":2229,"comment_status":"closed","ping_status":"closed","sticky":false,"template":"","format":"standard","meta":{"jetpack_post_was_ever_published":false,"_jetpack_newsletter_access":"","_jetpack_dont_email_post_to_subs":false,"_jetpack_newsletter_tier_id":0,"_jetpack_memberships_contains_paywalled_content":false,"_jetpack_memberships_contains_paid_content":false,"footnotes":"","jetpack_publicize_message":"","jetpack_publicize_feature_enabled":true,"jetpack_social_post_already_shared":true,"jetpack_social_options":{"image_generator_settings":{"template":"highway","enabled":false}}},"categories":[1,5],"tags":[],"jetpack_publicize_connections":[],"jetpack_featured_media_url":"https:\/\/i0.wp.com\/kiebitzgrund-aktiv.de\/wp-content\/uploads\/2015\/04\/Wald01.jpg?fit=3264%2C2448&ssl=1","jetpack_shortlink":"https:\/\/wp.me\/p4Zmmr-zG","jetpack_sharing_enabled":true,"jetpack_likes_enabled":true,"jetpack-related-posts":[],"_links":{"self":[{"href":"https:\/\/kiebitzgrund-aktiv.de\/index.php?rest_route=\/wp\/v2\/posts\/2212"}],"collection":[{"href":"https:\/\/kiebitzgrund-aktiv.de\/index.php?rest_route=\/wp\/v2\/posts"}],"about":[{"href":"https:\/\/kiebitzgrund-aktiv.de\/index.php?rest_route=\/wp\/v2\/types\/post"}],"author":[{"embeddable":true,"href":"https:\/\/kiebitzgrund-aktiv.de\/index.php?rest_route=\/wp\/v2\/users\/1"}],"replies":[{"embeddable":true,"href":"https:\/\/kiebitzgrund-aktiv.de\/index.php?rest_route=%2Fwp%2Fv2%2Fcomments&post=2212"}],"version-history":[{"count":18,"href":"https:\/\/kiebitzgrund-aktiv.de\/index.php?rest_route=\/wp\/v2\/posts\/2212\/revisions"}],"predecessor-version":[{"id":2232,"href":"https:\/\/kiebitzgrund-aktiv.de\/index.php?rest_route=\/wp\/v2\/posts\/2212\/revisions\/2232"}],"wp:featuredmedia":[{"embeddable":true,"href":"https:\/\/kiebitzgrund-aktiv.de\/index.php?rest_route=\/wp\/v2\/media\/2229"}],"wp:attachment":[{"href":"https:\/\/kiebitzgrund-aktiv.de\/index.php?rest_route=%2Fwp%2Fv2%2Fmedia&parent=2212"}],"wp:term":[{"taxonomy":"category","embeddable":true,"href":"https:\/\/kiebitzgrund-aktiv.de\/index.php?rest_route=%2Fwp%2Fv2%2Fcategories&post=2212"},{"taxonomy":"post_tag","embeddable":true,"href":"https:\/\/kiebitzgrund-aktiv.de\/index.php?rest_route=%2Fwp%2Fv2%2Ftags&post=2212"}],"curies":[{"name":"wp","href":"https:\/\/api.w.org\/{rel}","templated":true}]}}