{"id":1936,"date":"2015-03-06T16:20:48","date_gmt":"2015-03-06T15:20:48","guid":{"rendered":"http:\/\/kiebitzgrund-aktiv.de\/?p=1936"},"modified":"2015-03-08T00:36:32","modified_gmt":"2015-03-07T23:36:32","slug":"heute-demo","status":"publish","type":"post","link":"https:\/\/kiebitzgrund-aktiv.de\/?p=1936","title":{"rendered":"06.03. 2015 DEMO-TAG"},"content":{"rendered":"<p>Demotag in Fulda, zum dritten Mal konnten die B\u00fcrgerinitiativen ihre Mitglieder motivieren, gegen SuedLink auf die Stra\u00dfe zu gehen. Doch diesmal war es anders. Das mediale Interesse ist gr\u00f6\u00dfer geworden und so freuen wir uns, dass der Widerstand gegen das Megaprojekt inzwischen im ganzen Land wahrgenommen wird.<\/p>\n<p><a href=\"http:\/\/www.hr-online.de\/website\/includes\/html5player.jsp?key=standard_teaser_54684953&amp;mediakey=fs\/hessenschau\/2015_03\/150306195927_hs_demo_53430&amp;type=v&amp;width=740&amp;height=425\">HR Video &#8211; Demo durch die Stra\u00dfen von Fulda<\/a><\/p>\n<p>Ja, wir protestieren und werden auch in Zukunft nicht m\u00fcde werden unsere ablehnende Haltung gegen\u00fcber der Energiepolitik der Bundesregierung kundzutun und bei jeder Gelegenheit zu thematisieren. Daher wird auch Sigmar Gabriel in den n\u00e4chsten Tagen Post erhalten, viel Post! Wir hoffen, dass er die Postkartenaktion der B\u00fcrgerinitiativen als Zeichen versteht und endlich bereit ist, mit uns in den Dialog zu treten.<\/p>\n<p><span style=\"color: #0000ff;\"><strong>Wer das Land mit Trassen qu\u00e4lt &#8211; wird von uns nicht mehr gew\u00e4hlt!<\/strong><\/span><\/p>\n<p><span style=\"color: #ff6600;\"><strong>Wir demonstrieren heute hier &#8211; denn keinen SuedLink brauchen wir!<\/strong><\/span><\/p>\n<p><span style=\"color: #008000;\"><strong>Wir fordern laut und mit Geschrei &#8211; Der Kiebitzgrund bleibt trassenfrei!<\/strong><\/span><\/p>\n<p><span style=\"color: #ff0000;\"><strong>Wer Trassen baut im Fuldatal &#8211; verliert die n\u00e4chste Landtagswahl!<\/strong><\/span><\/p>\n<p>Unser Dank gilt allen engagierten B\u00fcrgern und B\u00fcrgerinnen, die an der Demonstration teilgenommen haben. Sogar unsere B\u00fcrgerintiativenfreunde aus dem Sinngrund waren angereist, um uns zu unterst\u00fctzen. Aus Kalbach, G\u00f6tzenhof, Petersberg, Dirlos, Pilgerzell, Sinntal, Main-Spessart, dem Kiebitzgrund und noch vielen anderen Ortschaften waren die Menschen dem Aufruf zur bundesweiten Demo gefolgt und zogen lautstark gemeinsam mit der BI Fuldatal durch die Stra\u00dfen von Fulda. Dank auch Herrn Oberb\u00fcrgermeister M\u00f6ller, der nach wie vor hinter seinem &#8222;Fulda&#8220; steht, und immer zu einem Gru\u00dfwort bereit ist. Die OB-Kandidaten Herr Wingenfeld und Herr Zwengel (lobenswert im BI-Shirt!) haben es sich ebenfalls nicht nehmen lassen, die Demonstration zu begleiten, herzlichen Dank.<\/p>\n<p>Hier geht\u00b4s zu Bericht und Bildgalerie auf OsthessenNews : <a href=\"http:\/\/osthessen-news.de\/n11501119\/demo-gegen-suedlink-wir-brauchen-diese-monstertrasse-nicht.html\">Hunderte Postkarten an Vizekanzler Gabriel<\/a><\/p>\n<p>Nun, welches Res\u00fcmee kann man letztendlich nach drei Demonstrationen in Fulda ziehen? Unser Ziel, Aufmerksamkeit zu erlangen und eine Plattform f\u00fcr unseren Protest zu finden, haben wir eindeutig erreicht.<\/p>\n<p>Wir konnten aufdecken, dass es Ziel der deutschen und vor allem der europ\u00e4ischen Energiepolitik ist, ein Netzwerk an Stromtrassen zu installieren, das schnellstm\u00f6glich den Stromhandel \u00fcber alle Grenzen hinweg erm\u00f6glicht. Jedes Land will davon profitieren, daher werden f\u00fcr alte Atomreaktoren Laufzeitverl\u00e4ngerungen beantragt, und neue Kohlekraftwerke\u00a0 gebaut&#8230; Jeder versucht sich in diesem lukrativen Markt zu positionieren, egal mit welcher Form von Energie &#8211; Wie war das mit den Erneuerbaren Energien? Nun, die werden eben zus\u00e4tzlich integriert.<\/p>\n<p>Diese Zielsetzung findet eigentlich nur Akzeptanz bei den Menschen, die nicht direkt von den neuen Monstertrassen betroffen sind. Wer zwischen H\u00e4userzeilen mit vereinzelten Gr\u00fcnfl\u00e4chen leben und jeden Tag mit Autoabgasen und -l\u00e4rm zurecht kommen muss, der versteht unsere Aufregung nicht. Wer in Ballungszentren auf seinem t\u00e4glichen Arbeitsweg entlang von Stromtrassen vielleicht stundenlang im Stau stehen muss, der sieht unsere Problematik nicht. Wer mit Flugl\u00e4rm und Umweltverschmutzung schon gro\u00df geworden ist, wei\u00df erst recht nicht, warum wir uns aufregen. Hier gilt es noch viel Aufkl\u00e4rungsarbeit zu leisten.<\/p>\n<p>Denn am Ende werden die letzten R\u00fcckzugsorte in ein intakte Natur zerst\u00f6rt sein, die wirtschaftliche Situation von Fremdenverkehrsregionen im l\u00e4ndlichen\u00a0 Bereich wird sich verschlechtern, D\u00f6rfer werden mit demographischem Wandel und Abwanderung noch st\u00e4rker zu k\u00e4mpfen haben und unsere heimische Tier- und Pflanzenwelt wird in ihrer Artenvielfalt wieder um ein St\u00fcck \u00e4rmer werden.<\/p>\n<p>Bleibt noch der Blick auf die Politik. Inzwischen will keiner mehr offen die Verantwortung f\u00fcr den Bau der Stromtrasse \u00fcbernehmen und es wird auf die Entscheidungskompetenz von Berlin verwiesen. Die einzige Instanz, die tats\u00e4chlich handeln k\u00f6nnte, ist das Bundeswirtschaftsministerium. Planungsstopp, Gesetzes\u00e4nderung, Neuordnung und Neuentwicklung eines Energiewendekonzeptes. Wird unser Bundeswirtschaftsminister die Courage dazu besitzen? Als Verantwortlicher eines riesigen und \u00e4u\u00dferst wichtigen Ministeriums, wird er selbst die Energie aufbringen und die Wende einleiten?<\/p>\n<p>Hier m\u00fcssen wir wieder an unsere eigene Verantwortung erinnert werden. Wir k\u00f6nnen auf die Stra\u00dfe gehen und unser Anliegen lautstark in den Stra\u00dfen von Fulda kundtun. Begleitet von einer \u00e4u\u00dferst netten und zuvorkommenden Polizeieskorte (Auch hier sei herzlicher Dank ausgesprochen!). Denn niemand braucht Repressalien zu bef\u00fcrchten, freie Meinungs\u00e4u\u00dferung geh\u00f6rt zu den Grundrechten unserer Demokratie. Jetzt liegt es an jedem einzelnen, diese Chance zu ergreifen und zu nutzen.<\/p>\n<p>In diesem Sinne hoffen wir B\u00fcrgerinitiativen, dass bei der n\u00e4chsten Aktion gegen SuedLink wieder mehr Menschen unseren Protest begleiten und zwei Stunden Freizeit opfern werden, damit das wichtige Signal an die Politik nicht an Kraft verliert:<\/p>\n<p><strong>Wir brauchen diese SuedLink-Trasse nicht, wir wollen diese SuedLink-Trasse nicht und wir haben starke Argumente, die unsere ablehnende Haltung rechtfertigen.<\/strong><\/p>\n<p>&nbsp;<\/p>\n<p>&nbsp;<\/p>\n","protected":false},"excerpt":{"rendered":"<p>Demotag in Fulda, zum dritten Mal konnten die B\u00fcrgerinitiativen ihre Mitglieder motivieren, gegen SuedLink auf die Stra\u00dfe zu gehen. Doch diesmal war es anders. Das mediale Interesse ist gr\u00f6\u00dfer geworden und so freuen wir uns, dass der Widerstand gegen das Megaprojekt inzwischen im ganzen Land wahrgenommen wird. HR Video &#8211; Demo durch die Stra\u00dfen von &hellip; <\/p>\n<p class=\"link-more\"><a href=\"https:\/\/kiebitzgrund-aktiv.de\/?p=1936\" class=\"more-link\"><span class=\"screen-reader-text\">\u201e06.03. 2015 DEMO-TAG\u201c<\/span> weiterlesen<\/a><\/p>\n","protected":false},"author":1,"featured_media":1937,"comment_status":"closed","ping_status":"closed","sticky":false,"template":"","format":"standard","meta":{"jetpack_post_was_ever_published":false,"_jetpack_newsletter_access":"","_jetpack_dont_email_post_to_subs":false,"_jetpack_newsletter_tier_id":0,"_jetpack_memberships_contains_paywalled_content":false,"_jetpack_memberships_contains_paid_content":false,"footnotes":"","jetpack_publicize_message":"","jetpack_publicize_feature_enabled":true,"jetpack_social_post_already_shared":true,"jetpack_social_options":{"image_generator_settings":{"template":"highway","enabled":false}}},"categories":[1],"tags":[],"jetpack_publicize_connections":[],"jetpack_featured_media_url":"https:\/\/i0.wp.com\/kiebitzgrund-aktiv.de\/wp-content\/uploads\/2015\/03\/SuedLink-NEIN-DANKE.jpg?fit=2000%2C1456&ssl=1","jetpack_shortlink":"https:\/\/wp.me\/p4Zmmr-ve","jetpack_sharing_enabled":true,"jetpack_likes_enabled":true,"jetpack-related-posts":[],"_links":{"self":[{"href":"https:\/\/kiebitzgrund-aktiv.de\/index.php?rest_route=\/wp\/v2\/posts\/1936"}],"collection":[{"href":"https:\/\/kiebitzgrund-aktiv.de\/index.php?rest_route=\/wp\/v2\/posts"}],"about":[{"href":"https:\/\/kiebitzgrund-aktiv.de\/index.php?rest_route=\/wp\/v2\/types\/post"}],"author":[{"embeddable":true,"href":"https:\/\/kiebitzgrund-aktiv.de\/index.php?rest_route=\/wp\/v2\/users\/1"}],"replies":[{"embeddable":true,"href":"https:\/\/kiebitzgrund-aktiv.de\/index.php?rest_route=%2Fwp%2Fv2%2Fcomments&post=1936"}],"version-history":[{"count":8,"href":"https:\/\/kiebitzgrund-aktiv.de\/index.php?rest_route=\/wp\/v2\/posts\/1936\/revisions"}],"predecessor-version":[{"id":1951,"href":"https:\/\/kiebitzgrund-aktiv.de\/index.php?rest_route=\/wp\/v2\/posts\/1936\/revisions\/1951"}],"wp:featuredmedia":[{"embeddable":true,"href":"https:\/\/kiebitzgrund-aktiv.de\/index.php?rest_route=\/wp\/v2\/media\/1937"}],"wp:attachment":[{"href":"https:\/\/kiebitzgrund-aktiv.de\/index.php?rest_route=%2Fwp%2Fv2%2Fmedia&parent=1936"}],"wp:term":[{"taxonomy":"category","embeddable":true,"href":"https:\/\/kiebitzgrund-aktiv.de\/index.php?rest_route=%2Fwp%2Fv2%2Fcategories&post=1936"},{"taxonomy":"post_tag","embeddable":true,"href":"https:\/\/kiebitzgrund-aktiv.de\/index.php?rest_route=%2Fwp%2Fv2%2Ftags&post=1936"}],"curies":[{"name":"wp","href":"https:\/\/api.w.org\/{rel}","templated":true}]}}