{"id":1909,"date":"2015-03-10T21:41:56","date_gmt":"2015-03-10T20:41:56","guid":{"rendered":"http:\/\/kiebitzgrund-aktiv.de\/?p=1909"},"modified":"2016-04-19T07:41:43","modified_gmt":"2016-04-19T05:41:43","slug":"menschenleben-hat-keinen-wert","status":"publish","type":"post","link":"https:\/\/kiebitzgrund-aktiv.de\/?p=1909","title":{"rendered":"Europa droht"},"content":{"rendered":"<p>Noch nie gab es so viele Statements zur Megastromtrasse SuedLink wie in den letzten Tagen. Jeder \u00e4u\u00dfert seine Meinung, fachlich fundiert oder emotional begr\u00fcndet, man will mitreden. Unser Ziel, die Menschen aufzukl\u00e4ren und zu informieren &#8211; man erinnere sich an die Anf\u00e4nge unserer B\u00fcrgerinitiative &#8211; haben wir somit erreicht. Jetzt kann die Diskussion auf Augenh\u00f6he gef\u00fchrt werden, denn jetzt wissen die Menschen, worum es geht.<\/p>\n<p>M\u00f6chte man eigentlich meinen. Doch seit das Thema SuedLink und der geplante Netzausbau mehr Beachtung finden, lehnen sich viele schon zur\u00fcck und denken das Ziel, diesen \u00fcberdimensionierten Stromleitungsbau zu verhindern, sei bald erreicht. Doch betrachtet man die Entwicklung auf politischer Ebene stellt man fest &#8211; der Kampf hat gerade erst begonnen.<\/p>\n<p>Europa schaltet sich jetzt \u00f6ffentlich ein. Br\u00fcssel dr\u00e4ngt auf Entscheidung und droht Deutschland. <b>Miguel Arias Ca\u00f1ete<\/b>, seit 2014 EU-Kommissar f\u00fcr Klimaschutz und Energie:<\/p>\n<blockquote><p>\u00a0&#8222;Die deutschen Stromautobahnen wurden von der EU-Kommission als europ\u00e4isches Projekt von gemeinsamem Interesse eingestuft&#8220;, sagt er. &#8222;Obwohl es sich um innerdeutsche Leitungen handelt, haben sie einen direkten Einfluss auf andere EU-L\u00e4nder.&#8220; Ihr rascher Bau sei &#8222;wichtig f\u00fcr den Aus- und Aufbau eines europaweiten Stromnetzes&#8220; und damit auch &#8222;f\u00fcr die Umsetzung des EU-Energiebinnenmarktes mitsamt der Integration von erneuerbaren Energien&#8220;, sagt der EU-Kommissar. <em>(<a href=\"http:\/\/www.spiegel.de\/wirtschaft\/soziales\/stromtrassen-eu-kommissar-canete-kritisiert-verzoegerung-a-1020623.html\">Quelle: Spiegel)<\/a><\/em><\/p><\/blockquote>\n<p>In diesem Zusammenhang versteht sich auch die &#8222;Strombr\u00fccke&#8220; nach Norwegen. Nicht ohne Grund wird diese Verbindung NordLink genannt &#8211; sozusagen der Bruder der geplanten Stromautobahn SuedLink. Das Gleichstrom-Seekabel mit einer L\u00e4nge von \u00fcber 600 km und einem Investitionsvolumen von ca. 2 Mrd. Euro soll zuk\u00fcnftig die Leistung eines Atomkraftwerkes ersetzen und den Stromhandel erleichtern. Bundeswirtschaftsminister Gabriel sieht darin ein wichtiges Signal f\u00fcr den Europ\u00e4ischen Strommarkt &#8211; und nat\u00fcrlich auch einen Schritt zu mehr Versorgungssicherheit in Deutschland. Endpunkt von NordLink ist der Anfangspunkt von SuedLink: Wilster. Jetzt wurde <a href=\"http:\/\/www.tennet.eu\/de\/news-presse\/article\/auftraege-fuer-den-bau-des-nordlink-interkonnektors-vergeben.html\">der Vertrag zum Bau von NordLink unterzeichnet<\/a>, TenneT und die deutsche Staatsbank KfW halten jeweils 25%.<\/p>\n<p>Dieser Satz unseres Bundeswirtschaftsministers sollte uns endg\u00fcltig die Augen \u00f6ffnen. Zwar wurde er im Zusammenhang mit TTIP und CETA ge\u00e4u\u00dfert, doch spiegelt er die Meinung des Ministers von seinen W\u00e4hlern (von uns) wider:<\/p>\n<blockquote><p><b>\u201eVielleicht ist die Debatte in Deutschland manchmal so schwierig, weil wir ein Land sind, das reich und hysterisch ist.\u201c <\/b><\/p><\/blockquote>\n<p>Ja, Deutschland ist ein reiches Land &#8211; aber diesen Reichtum haben wir uns hart erarbeitet. Wenn nun einige Machtmenschen und Profilneurotiker diesen Reichtum in oft verantwortungsloser Weise aufs Spiel setzen, Entscheidungen treffen, die mit &#8222;zum Wohle der Allgemeinheit&#8220; rein gar nichts zu tun haben, dann haben wir jedes Recht uns dagegen zu wehren.<\/p>\n<p>Dies als Hysterie zu bezeichnen l\u00e4sst erkennen, dass hier Minister Gabriel die Realit\u00e4t aus den Augen verloren hat. Die Welt w\u00e4chst zusammen, das ist richtig. Die Grenzen verschwinden zunehmend auch das ist im Prinzip w\u00fcnschenswert. Doch hinter jeder Chance verbirgt sich auch ein Risiko. Denn viele Staaten, nicht nur unsere europ\u00e4ischen Nachbarn, haben teilweise ganz andere energiepolitische Ziele.<\/p>\n<h2>Es gibt bald 500 Atomkraftwerke weltweit<\/h2>\n<p>Einige Beispiele: <a href=\"http:\/\/deutsche-wirtschafts-nachrichten.de\/2014\/12\/11\/russland-baut-in-ungarn-neue-atomkraftwerke\/\">Russland<\/a> baut neue Atomkraftwerke in Ungarn. In der <a href=\"http:\/\/globalmagazin.com\/themen\/klima\/neue-atomkraftwerke-in-der-tuerkei\/\">T\u00fcrkei<\/a> sollen vier Reaktoren auf erdbebengef\u00e4hrdetem Gebiet errichtet werden. Die R\u00fcckkehr zur Atompolitik soll <a href=\"http:\/\/www.n-tv.de\/politik\/politik_person_der_woche\/Japan-waehlt-Atomkraft-ja-bitte-article14167071.html\">Japan<\/a> einen Wachstumsimpuls verleihen, man spricht von umweltfreundlicher Energiegewinnung im Sinne des Klimaschutzes. Welch ein\u00a0 Hohn f\u00fcr die Menschen, die seit Jahren unter Verstrahlung leiden, f\u00fcr immer aus ihrer Heimat vertrieben wurden. Ein Menschenleben z\u00e4hlt NICHTS.<\/p>\n<blockquote><p>Atomkraft-Gegner rund um den Globus sind dagegen entsetzt, dass ausgerechnet im Land des Fukushima-Gaus nun die Atomkraft zum gro\u00dfen Comeback ansetzt. Doch in Wahrheit folgt Japan nur einem verbl\u00fcffenden globalen Trend. Keine vier Jahre nach der Katastrophe meldet die Internationale Atomenergiebeh\u00f6rde IAEA: Es gibt einen weltweiten Boom der Kernenergie. Nicht weniger als 72 neue Atomkraftwerke sind derzeit im Bau. Damit wird die magische Marke von 500 Kernkraftwerken bald \u00fcberschritten. (Quelle:n-tv\/politik)<\/p><\/blockquote>\n<p>Solange\u00a0 weiterhin Atomkraftwerke gebaut werden, stellt sich auch irgendwann die Frage: Wohin mit dem Atomm\u00fcll? Soll Deutschland auch dann seiner europ\u00e4ischen Verpflichtung nachkommen? Haben nur wir eine Lehre aus den Katastrophen der vergangenen Jahre gezogen? Erschreckend, wie unverantwortlich und teilweise zynisch mit diesem hochgef\u00e4hrlichen Thema umgegangen wird.<\/p>\n<p>Daher erneut der Appell an alle Mitstreiter im SuedLink-Protest. Nicht m\u00fcde werden, weiterhin anprangern und aufdecken, welche Machenschaften hinter dieser angestrebten Energiepolitik stecken. Klimaschutz steht nicht im Vordergrund, auch nicht Erneuerbare Energien. Es soll so viel Stromenergie wie nur irgendm\u00f6glich produziert werden. Dieses Handelsfeld und den daraus zu erwartenden Gewinn fest im Blick, kann man \u00fcber menschliche Schicksale leicht hinwegsehen.<\/p>\n<p>Gerade sind Wissenschaftler gestartet, um <a href=\"http:\/\/images.google.de\/imgres?imgurl=http:\/\/img.welt.de\/img\/news1\/crop138191010\/3525183654-ci23x11-w1200-h630-fnov-fpi133778420\/Solar-Impulse-2-bei-einem-Testflug-in-Abu-Dhabi.jpg&amp;imgrefurl=http:\/\/www.welt.de\/vermischtes\/article138242141\/Solarflugzeug-bricht-zu-zweiter-Etappe-auf.html&amp;h=630&amp;w=1200&amp;tbnid=KgwwsqBcjq81TM:&amp;tbnh=90&amp;tbnw=171&amp;docid=z0KQ75Ni63QmuM&amp;usg=__WnJTAmoNqpAn_gcgJxOLvR7wtGI=&amp;sa=X&amp;ved=0ahUKEwjW3s3__ZnMAhUHVhQKHcNuDVcQ9QEIRzAH\">die Welt in einem Solarflugzeug zu umrunden<\/a>. Es gibt sie noch, die Pioniere und Enthusiasten und dies sollte f\u00fcr uns ein Zeichen der Hoffnung sein. Umweltfreundliche Energien m\u00fcssen auch k\u00fcnftig erforscht und weiter entwickelt werden. Noch ist es nicht zu sp\u00e4t unsere Welt auch f\u00fcr nachfolgende Generationen lebenswert zu gestalten. Jeder muss seinen Beitrag dazu leisten und in diesem Zusammenhang sind auch die Schilderungen von unserem Astronauten <a href=\"http:\/\/esamultimedia.esa.int\/multimedia\/publications\/BlueDotDE\/offline\/download.pdf\">Alexander Gerst<\/a> zu verstehen:<\/p>\n<blockquote><p>Aus der Ferne gesehen, ist unser Planet nur ein blauer Punkt, ein zerbrechliches Raumschiff f\u00fcr die Menschheit. Wir m\u00fcssen das Universum verstehen, in dem wir leben, um unseren Heimatplaneten zu sch\u00fctzen. (Zitat: Alexander Gerst)<\/p><\/blockquote>\n<p>&nbsp;<\/p>\n","protected":false},"excerpt":{"rendered":"<p>Noch nie gab es so viele Statements zur Megastromtrasse SuedLink wie in den letzten Tagen. Jeder \u00e4u\u00dfert seine Meinung, fachlich fundiert oder emotional begr\u00fcndet, man will mitreden. Unser Ziel, die Menschen aufzukl\u00e4ren und zu informieren &#8211; man erinnere sich an die Anf\u00e4nge unserer B\u00fcrgerinitiative &#8211; haben wir somit erreicht. Jetzt kann die Diskussion auf Augenh\u00f6he &hellip; <\/p>\n<p class=\"link-more\"><a href=\"https:\/\/kiebitzgrund-aktiv.de\/?p=1909\" class=\"more-link\"><span class=\"screen-reader-text\">\u201eEuropa droht\u201c<\/span> weiterlesen<\/a><\/p>\n","protected":false},"author":1,"featured_media":1982,"comment_status":"closed","ping_status":"closed","sticky":false,"template":"","format":"standard","meta":{"jetpack_post_was_ever_published":false,"_jetpack_newsletter_access":"","_jetpack_dont_email_post_to_subs":false,"_jetpack_newsletter_tier_id":0,"_jetpack_memberships_contains_paywalled_content":false,"_jetpack_memberships_contains_paid_content":false,"footnotes":"","jetpack_publicize_message":"","jetpack_publicize_feature_enabled":true,"jetpack_social_post_already_shared":true,"jetpack_social_options":{"image_generator_settings":{"template":"highway","enabled":false}}},"categories":[1,6],"tags":[],"jetpack_publicize_connections":[],"jetpack_featured_media_url":"https:\/\/i0.wp.com\/kiebitzgrund-aktiv.de\/wp-content\/uploads\/2015\/03\/Beitragsbild-Europa1.jpg?fit=1534%2C824&ssl=1","jetpack_shortlink":"https:\/\/wp.me\/p4Zmmr-uN","jetpack_sharing_enabled":true,"jetpack_likes_enabled":true,"jetpack-related-posts":[],"_links":{"self":[{"href":"https:\/\/kiebitzgrund-aktiv.de\/index.php?rest_route=\/wp\/v2\/posts\/1909"}],"collection":[{"href":"https:\/\/kiebitzgrund-aktiv.de\/index.php?rest_route=\/wp\/v2\/posts"}],"about":[{"href":"https:\/\/kiebitzgrund-aktiv.de\/index.php?rest_route=\/wp\/v2\/types\/post"}],"author":[{"embeddable":true,"href":"https:\/\/kiebitzgrund-aktiv.de\/index.php?rest_route=\/wp\/v2\/users\/1"}],"replies":[{"embeddable":true,"href":"https:\/\/kiebitzgrund-aktiv.de\/index.php?rest_route=%2Fwp%2Fv2%2Fcomments&post=1909"}],"version-history":[{"count":30,"href":"https:\/\/kiebitzgrund-aktiv.de\/index.php?rest_route=\/wp\/v2\/posts\/1909\/revisions"}],"predecessor-version":[{"id":3235,"href":"https:\/\/kiebitzgrund-aktiv.de\/index.php?rest_route=\/wp\/v2\/posts\/1909\/revisions\/3235"}],"wp:featuredmedia":[{"embeddable":true,"href":"https:\/\/kiebitzgrund-aktiv.de\/index.php?rest_route=\/wp\/v2\/media\/1982"}],"wp:attachment":[{"href":"https:\/\/kiebitzgrund-aktiv.de\/index.php?rest_route=%2Fwp%2Fv2%2Fmedia&parent=1909"}],"wp:term":[{"taxonomy":"category","embeddable":true,"href":"https:\/\/kiebitzgrund-aktiv.de\/index.php?rest_route=%2Fwp%2Fv2%2Fcategories&post=1909"},{"taxonomy":"post_tag","embeddable":true,"href":"https:\/\/kiebitzgrund-aktiv.de\/index.php?rest_route=%2Fwp%2Fv2%2Ftags&post=1909"}],"curies":[{"name":"wp","href":"https:\/\/api.w.org\/{rel}","templated":true}]}}