{"id":1412,"date":"2014-12-15T09:24:51","date_gmt":"2014-12-15T08:24:51","guid":{"rendered":"http:\/\/kiebitzgrund-aktiv.de\/?p=1412"},"modified":"2014-12-31T08:23:15","modified_gmt":"2014-12-31T07:23:15","slug":"heute15-12-14-demo-in-fulda","status":"publish","type":"post","link":"https:\/\/kiebitzgrund-aktiv.de\/?p=1412","title":{"rendered":"15.12.2014 &#8211; Demo in Fulda!"},"content":{"rendered":"<p><span style=\"color: #ff0000;\">Das war unser Appell, Ergebnis siehe unten:<\/span><\/p>\n<h3>Wer kann, sollte unseren Aufruf zur Demonstration wahrnehmen! Auch wir w\u00fcrden lieber \u00fcber den Weihnachtsmarkt bummeln und vielleicht mit Freunden den einen oder anderen Gl\u00fchwein\u00a0 trinken. Doch jetzt hei\u00dft es vor Weihnachten noch einmal Flagge zeigen und unseren Widerstand gegen SuedLink deutlich zum Ausdruck bringen!<\/h3>\n<h3><a href=\"http:\/\/www.bifuldatal.de\">Die BI Fuldatal <\/a>schreitet tatkr\u00e4ftig voran und ihr verdanken wir, dass sich die Protestbewegung im osthessischen Raum immer weiter ausbreitet und wir langsam auch Geh\u00f6r finden.<\/h3>\n<h3>Wir von KIEBITZGRUND<span style=\"color: #008000;\"><em>aktiv<\/em><\/span> unterst\u00fctzen die Arbeit der BI Fuldatal und werden uns &#8211; hoffentlich zahlreich! &#8211; an der Demonstration beteiligen.<\/h3>\n<h3>Heute Abend, Treffpunkt 18.00 Uhr, Fulda Paulustor<\/h3>\n<h3>Wir freuen uns auf Sie\/Euch<\/h3>\n<p>&nbsp;<\/p>\n<h2><\/h2>\n<h2><span style=\"color: #ff0000;\">Danke an alle, die Demonstration war ein toller Erfolg!<\/span><\/h2>\n<p>Die ersten Eindr\u00fccke: <a href=\"http:\/\/osthessen-news.de\/n11497957\/500-demonstranten-aller-generationen-sagen-suedlink-den-kampf-an-deutschlandweit-demos.html\">Osthessen News<\/a>, <a href=\"http:\/\/www.hr-online.de\/website\/includes\/html5player.jsp?key=standard_document_53859125&amp;mediakey=fs\/hessenschau\/2014_12\/141215201834_hs_sued_47368&amp;type=v&amp;width=740&amp;height=425\">Hessenschau<\/a>, <a href=\"http:\/\/www.fuldaerzeitung.de\/artikelansicht\/artikel\/3387953\/regional+fulda\/keine-monstertrasse--in-fulda-baumen-sich-800-demonstranten-gegen-suedlink-auf\">Fuldaer Zeitung<\/a><\/p>\n<hr \/>\n<p>&nbsp;<\/p>\n","protected":false},"excerpt":{"rendered":"<p>Das war unser Appell, Ergebnis siehe unten: Wer kann, sollte unseren Aufruf zur Demonstration wahrnehmen! Auch wir w\u00fcrden lieber \u00fcber den Weihnachtsmarkt bummeln und vielleicht mit Freunden den einen oder anderen Gl\u00fchwein\u00a0 trinken. Doch jetzt hei\u00dft es vor Weihnachten noch einmal Flagge zeigen und unseren Widerstand gegen SuedLink deutlich zum Ausdruck bringen! Die BI Fuldatal &hellip; <\/p>\n<p class=\"link-more\"><a href=\"https:\/\/kiebitzgrund-aktiv.de\/?p=1412\" class=\"more-link\"><span class=\"screen-reader-text\">\u201e15.12.2014 &#8211; Demo in Fulda!\u201c<\/span> weiterlesen<\/a><\/p>\n","protected":false},"author":1,"featured_media":1413,"comment_status":"closed","ping_status":"closed","sticky":false,"template":"","format":"standard","meta":{"jetpack_post_was_ever_published":false,"_jetpack_newsletter_access":"","_jetpack_dont_email_post_to_subs":false,"_jetpack_newsletter_tier_id":0,"_jetpack_memberships_contains_paywalled_content":false,"_jetpack_memberships_contains_paid_content":false,"footnotes":"","jetpack_publicize_message":"","jetpack_publicize_feature_enabled":true,"jetpack_social_post_already_shared":true,"jetpack_social_options":{"image_generator_settings":{"template":"highway","enabled":false}}},"categories":[1],"tags":[],"jetpack_publicize_connections":[],"jetpack_featured_media_url":"https:\/\/i0.wp.com\/kiebitzgrund-aktiv.de\/wp-content\/uploads\/2014\/12\/demontag_wurfzettel_a6_vorne_hinten.jpg?fit=567%2C405&ssl=1","jetpack_shortlink":"https:\/\/wp.me\/p4Zmmr-mM","jetpack_sharing_enabled":true,"jetpack_likes_enabled":true,"jetpack-related-posts":[],"_links":{"self":[{"href":"https:\/\/kiebitzgrund-aktiv.de\/index.php?rest_route=\/wp\/v2\/posts\/1412"}],"collection":[{"href":"https:\/\/kiebitzgrund-aktiv.de\/index.php?rest_route=\/wp\/v2\/posts"}],"about":[{"href":"https:\/\/kiebitzgrund-aktiv.de\/index.php?rest_route=\/wp\/v2\/types\/post"}],"author":[{"embeddable":true,"href":"https:\/\/kiebitzgrund-aktiv.de\/index.php?rest_route=\/wp\/v2\/users\/1"}],"replies":[{"embeddable":true,"href":"https:\/\/kiebitzgrund-aktiv.de\/index.php?rest_route=%2Fwp%2Fv2%2Fcomments&post=1412"}],"version-history":[{"count":9,"href":"https:\/\/kiebitzgrund-aktiv.de\/index.php?rest_route=\/wp\/v2\/posts\/1412\/revisions"}],"predecessor-version":[{"id":1466,"href":"https:\/\/kiebitzgrund-aktiv.de\/index.php?rest_route=\/wp\/v2\/posts\/1412\/revisions\/1466"}],"wp:featuredmedia":[{"embeddable":true,"href":"https:\/\/kiebitzgrund-aktiv.de\/index.php?rest_route=\/wp\/v2\/media\/1413"}],"wp:attachment":[{"href":"https:\/\/kiebitzgrund-aktiv.de\/index.php?rest_route=%2Fwp%2Fv2%2Fmedia&parent=1412"}],"wp:term":[{"taxonomy":"category","embeddable":true,"href":"https:\/\/kiebitzgrund-aktiv.de\/index.php?rest_route=%2Fwp%2Fv2%2Fcategories&post=1412"},{"taxonomy":"post_tag","embeddable":true,"href":"https:\/\/kiebitzgrund-aktiv.de\/index.php?rest_route=%2Fwp%2Fv2%2Ftags&post=1412"}],"curies":[{"name":"wp","href":"https:\/\/api.w.org\/{rel}","templated":true}]}}