{"id":1273,"date":"2014-12-01T07:44:09","date_gmt":"2014-12-01T06:44:09","guid":{"rendered":"http:\/\/kiebitzgrund-aktiv.de\/?p=1273"},"modified":"2014-12-27T11:09:58","modified_gmt":"2014-12-27T10:09:58","slug":"burghaun-hat-gewaehlt","status":"publish","type":"post","link":"https:\/\/kiebitzgrund-aktiv.de\/?p=1273","title":{"rendered":"Burghaun hat gew\u00e4hlt"},"content":{"rendered":"<p>72,9% Wahlbeteiligung zeigen deutlich auf, dass die Menschen in Burghaun auf zuverl\u00e4ssige und verantwortungsbewusste Politik in ihrer Gemeinde hoffen. Simon Sauerbier (unabh\u00e4ngig\/parteilos) konnte zwar die meisten Stimmen auf sich vereinen, doch mit 47,7% verpasste er knapp die absolute Mehrheit und wird nun in drei Wochen gegen Frau Gabriele Atzler (CDU) zur Stichwahl antreten. F\u00fcr uns bedeutet das, wir haben immer noch keinen direkten Ansprechpartner in der SuedLink-Frage, was gerade in dieser wichtigen Zeit\u00a0 (erwartete Antragsstellung von TenneT bei der Bundesnetzagentur am 12.12.) sehr bedauerlich ist. Zumindest konnte KIEBITZGRUND<span style=\"color: #008000;\"><em>aktiv<\/em><\/span> die Gelegenheit nutzen, die beiden Kandidaten nach ihrer pers\u00f6nlichen Meinung zur Energiewende und zum Netzausbau zu befragen\u00a0 und vor allem auch Einblick erlangen, nach welchem Konzept und mit welchen Vorstellungen die beiden jeweils den Kampf gegen SuedLink aufnehmen wollen.<\/p>\n<p>W\u00e4hrend sich Herr Sauerbier k\u00e4mpferisch den Herausforderungen stellen will, ein eigenes Konzept bereits erarbeitet hat und ganz deutliche Worte findet, hofft Frau Atzler auch auf die Unterst\u00fctzung ihrer Partei. Da kommt es gerade gelegen, dass <a href=\"http:\/\/www.fuldainfo.de\/fdi\/suedlink-trassenvariante-ost-stellt-bessere-alternative-dar\/\">Fuldainfo.de<\/a>\u00a0 eine aktuelle Meinungsumfrage unter den politisch Verantwortlichen der Region durchgef\u00fchrt hat.<\/p>\n<p>Peter Meinecke (CDU), Christian Henkel (CDU), Stefan Schwenk (CDU), Walter Arnold (CDU), Gerhard M\u00f6ller (CDU) und nat\u00fcrlich Landrat Woide (CDU) &#8211; alle wollen versuchen eine erneute Pr\u00fcfung der anderen Trassenkorridore zu erwirken. Allerdings kennen wir die vorgebrachten Argumente inzwischen zur Gen\u00fcge, man hat nicht den Eindruck, als sei in den letzten Wochen Bewegung in die Sache gekommen, zumindest nicht in unserem Sinn. Denn wer hat inzwischen interveniert um den Antrag zu stoppen? Wer fordert von der\u00a0Bundesnetzagentur den sofortigen Planungsstopp um \u00fcberhaupt Gelegenheit zur Pr\u00fcfung zu erhalten? Niemand! Frei nach dem Motto: Abwarten und Tee trinken! Na und dann Markus Meysner, auch CDU. Er h\u00e4lt die Trasse grunds\u00e4tzlich f\u00fcr erforderlich, f\u00fcr ihn scheint es keine offenen Fragen mehr zu geben. Da hoffen wir mit ihm, dass der erste Mast in seinen Vorgarten gestellt wird!<\/p>\n<p>Auch wenn die Kommunikation von TenneT gegen\u00fcber uns &#8222;Trassenmenschen&#8220; zu w\u00fcnschen \u00fcbrig l\u00e4sst, man sollte diesen Gegner nie untersch\u00e4tzen. Gebetsm\u00fchlenartig werden an Veranstaltungen die Argumente f\u00fcr die Trasse heruntergeleiert, es gibt keinen Spielraum f\u00fcr Weiterentwicklung, L\u00f6sungsans\u00e4tze oder gar Entgegenkommen. Diese Taktik hat System. Nur die Poltik k\u00f6nnte dem Spuk ein Ende bereiten.<\/p>\n<p>Birgit K\u00f6mpel (SPD) versteht angeblich den Protest der Menschen, bef\u00fcrwortet die Gr\u00fcndung von B\u00fcrgerinitiativen und hinterfragt ebenfalls die Trassenplanung. Doch was n\u00fctzt das alles, wenn sich niemand vor uns B\u00fcrgerinnen und B\u00fcrger stellt, gemeinsam mit uns nach Berlin marschiert, n\u00e4mlich mit der deutlichen Botschaft: Das lassen wir mit uns, unseren W\u00e4hlern und mit unserer Region nicht machen!<\/p>\n<p>Und dann Ute Riebold (Gr\u00fcne), sie hat Angst mit\u00a0 Atombef\u00fcrwortern verwechselt zu werden und ansonsten gibt es parteilich noch keine einheitliche Meinung zu SuedLink. Es klingt fast, als w\u00e4re ihre vorrangige Angst, durch die Trasse k\u00f6nnte der weitere Bau von Windr\u00e4dern verhindert werden! Als Mitglied der Partei, die sich einst den Schutz von Umwelt und Natur auf die Fahnen geschrieben hatte, hat sich Frau Ute Riebold in unseren Augen mit dieser Aussage selbst disqualifiziert.<\/p>\n<p>Eine Frage bleibt leider weiterhin offen: Warum spricht niemand \u00fcber Folgendes:<\/p>\n<p>2013, Deutscher Bundestag &#8211; 17. Wahlperiode<br \/>\n<a href=\"http:\/\/dip21.bundestag.de\/dip21\/btd\/17\/126\/1712638.pdf\">Entwurf eines Zweiten Gesetzes \u00fcber Ma\u00dfnahmen zur Beschleunigung des Netzausbaus Elektrizit\u00e4tsnetze<\/a><br \/>\nDer Bundestag beschlie\u00dft das Bundesbedarfsplangesetz (BBPlG).<\/p>\n<blockquote><p>&#8230;Es gilt, Engp\u00e4sse in der Stromversorgung innerhalb des deutschen Netzes zu beseitigen und <strong>die technischen Voraussetzungen f\u00fcr den zunehmenden grenz\u00fcberschreitenden Stromhandel zu schaffen. <\/strong><strong>Daraus resultiert ein Netzausbaubedarf insbesondere in der H\u00f6chstspannungsebene&#8230;<\/strong><\/p><\/blockquote>\n<p>Nicht zu vergessen, das Gesetz unterst\u00fctzt einen Bedarfsplan, der von den \u00dcbertragungsnetzbetreibern erstellt wurde!<\/p>\n<p>&nbsp;<\/p>\n","protected":false},"excerpt":{"rendered":"<p>72,9% Wahlbeteiligung zeigen deutlich auf, dass die Menschen in Burghaun auf zuverl\u00e4ssige und verantwortungsbewusste Politik in ihrer Gemeinde hoffen. Simon Sauerbier (unabh\u00e4ngig\/parteilos) konnte zwar die meisten Stimmen auf sich vereinen, doch mit 47,7% verpasste er knapp die absolute Mehrheit und wird nun in drei Wochen gegen Frau Gabriele Atzler (CDU) zur Stichwahl antreten. F\u00fcr uns &hellip; <\/p>\n<p class=\"link-more\"><a href=\"https:\/\/kiebitzgrund-aktiv.de\/?p=1273\" class=\"more-link\"><span class=\"screen-reader-text\">\u201eBurghaun hat gew\u00e4hlt\u201c<\/span> weiterlesen<\/a><\/p>\n","protected":false},"author":1,"featured_media":1311,"comment_status":"closed","ping_status":"closed","sticky":false,"template":"","format":"standard","meta":{"jetpack_post_was_ever_published":false,"_jetpack_newsletter_access":"","_jetpack_dont_email_post_to_subs":false,"_jetpack_newsletter_tier_id":0,"_jetpack_memberships_contains_paywalled_content":false,"_jetpack_memberships_contains_paid_content":false,"footnotes":"","jetpack_publicize_message":"","jetpack_publicize_feature_enabled":true,"jetpack_social_post_already_shared":true,"jetpack_social_options":{"image_generator_settings":{"template":"highway","enabled":false}}},"categories":[6],"tags":[],"jetpack_publicize_connections":[],"jetpack_featured_media_url":"https:\/\/i0.wp.com\/kiebitzgrund-aktiv.de\/wp-content\/uploads\/2014\/11\/InfoBM-Konzept.jpg?fit=425%2C432&ssl=1","jetpack_shortlink":"https:\/\/wp.me\/p4Zmmr-kx","jetpack_sharing_enabled":true,"jetpack_likes_enabled":true,"jetpack-related-posts":[],"_links":{"self":[{"href":"https:\/\/kiebitzgrund-aktiv.de\/index.php?rest_route=\/wp\/v2\/posts\/1273"}],"collection":[{"href":"https:\/\/kiebitzgrund-aktiv.de\/index.php?rest_route=\/wp\/v2\/posts"}],"about":[{"href":"https:\/\/kiebitzgrund-aktiv.de\/index.php?rest_route=\/wp\/v2\/types\/post"}],"author":[{"embeddable":true,"href":"https:\/\/kiebitzgrund-aktiv.de\/index.php?rest_route=\/wp\/v2\/users\/1"}],"replies":[{"embeddable":true,"href":"https:\/\/kiebitzgrund-aktiv.de\/index.php?rest_route=%2Fwp%2Fv2%2Fcomments&post=1273"}],"version-history":[{"count":29,"href":"https:\/\/kiebitzgrund-aktiv.de\/index.php?rest_route=\/wp\/v2\/posts\/1273\/revisions"}],"predecessor-version":[{"id":1375,"href":"https:\/\/kiebitzgrund-aktiv.de\/index.php?rest_route=\/wp\/v2\/posts\/1273\/revisions\/1375"}],"wp:featuredmedia":[{"embeddable":true,"href":"https:\/\/kiebitzgrund-aktiv.de\/index.php?rest_route=\/wp\/v2\/media\/1311"}],"wp:attachment":[{"href":"https:\/\/kiebitzgrund-aktiv.de\/index.php?rest_route=%2Fwp%2Fv2%2Fmedia&parent=1273"}],"wp:term":[{"taxonomy":"category","embeddable":true,"href":"https:\/\/kiebitzgrund-aktiv.de\/index.php?rest_route=%2Fwp%2Fv2%2Fcategories&post=1273"},{"taxonomy":"post_tag","embeddable":true,"href":"https:\/\/kiebitzgrund-aktiv.de\/index.php?rest_route=%2Fwp%2Fv2%2Ftags&post=1273"}],"curies":[{"name":"wp","href":"https:\/\/api.w.org\/{rel}","templated":true}]}}