{"id":1195,"date":"2014-11-24T20:22:04","date_gmt":"2014-11-24T19:22:04","guid":{"rendered":"http:\/\/kiebitzgrund-aktiv.de\/?p=1195"},"modified":"2014-12-27T11:10:16","modified_gmt":"2014-12-27T10:10:16","slug":"bundesweite-demonstration","status":"publish","type":"post","link":"https:\/\/kiebitzgrund-aktiv.de\/?p=1195","title":{"rendered":"Bundesweite Demonstration"},"content":{"rendered":"<h3><strong>B\u00fcrgerinitiativentreffen in Fulda am 22. und 23.11.2014<br \/>\nEin aufschlussreiches Wochenende!<\/strong><\/h3>\n<p>Der Tagungsort in Fulda\/Tr\u00e4tzhof war gut gew\u00e4hlt und in intensiven Gespr\u00e4chen wurde an zwei Tagen verdeutlicht, wie wichtig es ist, sich gemeinsam gegen die SuedLink-Trasse zu positionieren. Der <a href=\"http:\/\/buergerinitiativen-gegen-suedlink.de\/\">&#8222;Landesverband der B\u00fcrgerinitiativen gegen SuedLink Hessen&#8220;<\/a> wird sich in naher Zukunft mit den entsprechenden Verb\u00e4nden der anderen Bundesl\u00e4nder zusammenschlie\u00dfen um als Bundesverband der Regierung zu verdeutlichen: Hier geht es um ein wichtiges Anliegen vieler Menschen in Deutschland und dies kann nicht weiter ignoriert werden. Es wird Zeit, dass Berlin handelt.<\/p>\n<p><strong>Die Forderungen der B\u00fcrgerinitiativen lassen sich zusammenfassen in drei Worten: Nein zu SuedLink<\/strong><\/p>\n<p>Um die Energiewende letztendlich erfolgreich umsetzen zu k\u00f6nnen fordern wir unter anderem:<\/p>\n<ul>\n<li>den sofortigen Stopp des Planungsverfahrens<\/li>\n<li><a href=\"http:\/\/www.stromauskunft.de\/service\/energienachrichten\/3383680.strom-netzplanung-muss-auf-den-pruefstand-vor-allem-die-ost-sued\">\u00dcberpr\u00fcfung der Notwendigkeit dieses \u00fcberdimensionierten Netzausbaus<\/a><\/li>\n<li>die Erarbeitung eines Gesamt-Energiekonzeptes<\/li>\n<li>Ber\u00fccksichtigung der dezentralen Versorgungsm\u00f6glichkeiten<\/li>\n<li>kein europ\u00e4ischer Stromhandel zu Lasten der B\u00fcrger und B\u00fcrgerinnen<\/li>\n<li>erweiterte M\u00f6glichkeit zur Erdverkabelung<\/li>\n<li>Einsatz von neuester Technologie und intelligenten Speichersystemen<\/li>\n<li>\u00c4nderung des Netzausbaubeschleunigungsgesetzes NABEG<\/li>\n<li>Keine Freileitungsmasten in gigantischem Ausma\u00df (man spricht bereits von 100 m und mehr)!<\/li>\n<\/ul>\n<p>Daher rufen wir alle B\u00fcrgerinnen und B\u00fcrger auf mit uns zu demonstrieren, um zu verdeutlichen: Der Widerstand gegen SuedLink zieht sich durch das ganze Land, von Norden nach S\u00fcden, durch alle St\u00e4dte und Gemeinden, wie ein Band der Solidarit\u00e4t im gemeinsamen Kampf. Die B\u00fcrgerinitiativen vor Ort werden rechtzeitig den Rahmen der jeweiligen Veranstaltung bekannt geben:<strong><br \/>\n<\/strong><\/p>\n<h3><strong> Erster bundesweiter Demo-Tag: Montag, 15.12.2014, 18.00 Uhr<br \/>\n<\/strong><\/h3>\n<p>Die vordringliche Aufgabe in naher Zukunft besteht darin, durch Information und Berichterstattung das Problembewusstsein bei den politisch Verantwortlichen bez\u00fcglich des geplanten Netzausbauprojektes SuedLink zu st\u00e4rken. Wir werden weiterhin versuchen alle Mandatstr\u00e4ger f\u00fcr das Thema zu sensibilisieren, damit unsere Stimme nach Berlin weiter getragen wird. Denn immer wieder wird deutlich, auch unter den Politikern muss noch viel Aufkl\u00e4rungsarbeit geleistet werden, sei es bez\u00fcglich der technischen M\u00f6glichkeiten und Alternativen bis hin zur wahren Bedeutung von Raumwiderst\u00e4nden, die sich entlang der SuedLink-Trasse immer weiter verst\u00e4rken. Es darf nicht sein, dass Gesetze beschlossen und mitgetragen werden, ohne sich \u00fcber das wahre Ausma\u00df dieser Entscheidung bewusst zu sein.<\/p>\n<p>Wir geben uns mit Beteuerungen nicht mehr zufrieden und f\u00fcr die Politik ist es an der Zeit, den Worten Taten folgen zu lassen. F\u00fcr uns wird sich zeigen, wer wirklich Verantwortung \u00fcbernehmen kann und will. Wir werden die Entwicklung aufmerksam verfolgen.<\/p>\n<p>KIEBITZGRUND<span style=\"color: #008000;\"><em>aktiv <\/em><\/span><span style=\"color: #ff0000;\">demonstriert gemeinsam mit <a href=\"http:\/\/www.bifuldatal.de\/\"><span style=\"color: #ff0000;\">BI Fuldatal e.V.<\/span><\/a>, denn Beachtung bei Politik und Medien erh\u00e4lt man erst, wenn sich der Protest ausweitet, wenn sich viele Menschen an der Aktion beteiligen. Treffpunkt Fulda &#8211; Paulustor 18.00 Uhr &#8211; gemeinsamer Marsch zum Stadtschloss &#8211; Luftballonaktion (hoffentlich bei Windstille) &#8211; Kundgebung<\/span><\/p>\n<p>&nbsp;<\/p>\n<p>&nbsp;<\/p>\n<p>&nbsp;<\/p>\n<p>&nbsp;<\/p>\n<p>&nbsp;<\/p>\n<p>&nbsp;<\/p>\n<table style=\"height: 8px;\" width=\"9\" align=\"center\">\n<tbody>\n<tr>\n<td><\/td>\n<\/tr>\n<\/tbody>\n<\/table>\n","protected":false},"excerpt":{"rendered":"<p>B\u00fcrgerinitiativentreffen in Fulda am 22. und 23.11.2014 Ein aufschlussreiches Wochenende! Der Tagungsort in Fulda\/Tr\u00e4tzhof war gut gew\u00e4hlt und in intensiven Gespr\u00e4chen wurde an zwei Tagen verdeutlicht, wie wichtig es ist, sich gemeinsam gegen die SuedLink-Trasse zu positionieren. Der &#8222;Landesverband der B\u00fcrgerinitiativen gegen SuedLink Hessen&#8220; wird sich in naher Zukunft mit den entsprechenden Verb\u00e4nden der anderen &hellip; <\/p>\n<p class=\"link-more\"><a href=\"https:\/\/kiebitzgrund-aktiv.de\/?p=1195\" class=\"more-link\"><span class=\"screen-reader-text\">\u201eBundesweite Demonstration\u201c<\/span> weiterlesen<\/a><\/p>\n","protected":false},"author":1,"featured_media":1249,"comment_status":"closed","ping_status":"closed","sticky":false,"template":"","format":"standard","meta":{"jetpack_post_was_ever_published":false,"_jetpack_newsletter_access":"","_jetpack_dont_email_post_to_subs":false,"_jetpack_newsletter_tier_id":0,"_jetpack_memberships_contains_paywalled_content":false,"_jetpack_memberships_contains_paid_content":false,"footnotes":"","jetpack_publicize_message":"","jetpack_publicize_feature_enabled":true,"jetpack_social_post_already_shared":true,"jetpack_social_options":{"image_generator_settings":{"template":"highway","enabled":false}}},"categories":[1],"tags":[],"jetpack_publicize_connections":[],"jetpack_featured_media_url":"https:\/\/i0.wp.com\/kiebitzgrund-aktiv.de\/wp-content\/uploads\/2014\/11\/BI-Treffen-FD_Nov2014.jpg?fit=2448%2C2096&ssl=1","jetpack_shortlink":"https:\/\/wp.me\/p4Zmmr-jh","jetpack_sharing_enabled":true,"jetpack_likes_enabled":true,"jetpack-related-posts":[],"_links":{"self":[{"href":"https:\/\/kiebitzgrund-aktiv.de\/index.php?rest_route=\/wp\/v2\/posts\/1195"}],"collection":[{"href":"https:\/\/kiebitzgrund-aktiv.de\/index.php?rest_route=\/wp\/v2\/posts"}],"about":[{"href":"https:\/\/kiebitzgrund-aktiv.de\/index.php?rest_route=\/wp\/v2\/types\/post"}],"author":[{"embeddable":true,"href":"https:\/\/kiebitzgrund-aktiv.de\/index.php?rest_route=\/wp\/v2\/users\/1"}],"replies":[{"embeddable":true,"href":"https:\/\/kiebitzgrund-aktiv.de\/index.php?rest_route=%2Fwp%2Fv2%2Fcomments&post=1195"}],"version-history":[{"count":36,"href":"https:\/\/kiebitzgrund-aktiv.de\/index.php?rest_route=\/wp\/v2\/posts\/1195\/revisions"}],"predecessor-version":[{"id":1382,"href":"https:\/\/kiebitzgrund-aktiv.de\/index.php?rest_route=\/wp\/v2\/posts\/1195\/revisions\/1382"}],"wp:featuredmedia":[{"embeddable":true,"href":"https:\/\/kiebitzgrund-aktiv.de\/index.php?rest_route=\/wp\/v2\/media\/1249"}],"wp:attachment":[{"href":"https:\/\/kiebitzgrund-aktiv.de\/index.php?rest_route=%2Fwp%2Fv2%2Fmedia&parent=1195"}],"wp:term":[{"taxonomy":"category","embeddable":true,"href":"https:\/\/kiebitzgrund-aktiv.de\/index.php?rest_route=%2Fwp%2Fv2%2Fcategories&post=1195"},{"taxonomy":"post_tag","embeddable":true,"href":"https:\/\/kiebitzgrund-aktiv.de\/index.php?rest_route=%2Fwp%2Fv2%2Ftags&post=1195"}],"curies":[{"name":"wp","href":"https:\/\/api.w.org\/{rel}","templated":true}]}}