{"id":1140,"date":"2014-11-16T11:15:05","date_gmt":"2014-11-16T10:15:05","guid":{"rendered":"http:\/\/kiebitzgrund-aktiv.de\/?p=1140"},"modified":"2014-12-27T11:10:30","modified_gmt":"2014-12-27T10:10:30","slug":"wir-wollen-antworten","status":"publish","type":"post","link":"https:\/\/kiebitzgrund-aktiv.de\/?p=1140","title":{"rendered":"Wir wollen Antworten!"},"content":{"rendered":"<p>Immer mehr Menschen schlie\u00dfen sich den B\u00fcrgerinitiativen &#8211; inzwischen ca. 130 &#8211; an und sind bereit f\u00fcr den Schutz des unmittelbaren Lebensraumes auf die Stra\u00dfe zu gehen und zu protestieren. Wir rennen den Politikern die T\u00fcren ein und versuchen immer wieder verbindliche Aussagen und Hilfestellung zu bekommen, um den Verlauf der SuedLink-Trasse zu ver\u00e4ndern oder im besten Fall das ganze Projekt zu verhindern. F\u00fcr die Gemeinde Burghaun kommt erschwerend hinzu, dass wir auch \u00fcberproportional von Windvorrangfl\u00e4chen betroffen sind.<\/p>\n<p>Viel Einsatz und Geduld fordern die Gespr\u00e4chstermine, die wir dabei wahrnehmen. Es bleibt die Frage, wie verbindlich und ernst gemeint die Aussagen aus den Reihen der politisch Verantwortlichen tats\u00e4chlich sind. Unerm\u00fcdlich versuchen wir von der B\u00fcrgerinitiative KIEBITZGRUNBD<span style=\"color: #008000;\"><em>aktiv<\/em><\/span> und vor allem auch der Verein Pro Lebensraum Kiebitzgrund die Interessen aller B\u00fcrger in der Gemeinde Burghaun wahrzunehmen, erkl\u00e4ren jedem die besonders belastende Situation f\u00fcr unsere Region und fragen uns dabei immer wieder: Wer nimmt uns eigentlich richtig wahr? Wer von all den politischen Pers\u00f6nlichkeiten erkennt endlich seine wahre Verantwortung uns B\u00fcrgern gegen\u00fcber? Und vor allem: Wer steht zu seinem Wort? Verst\u00e4ndnis wirklich haben oder Verst\u00e4ndnis aus taktischen Gr\u00fcnden heucheln &#8211; dies werden wir genau analysieren und auch nach au\u00dfen reflektieren! Wir h\u00f6ren genau hin, lassen uns nicht f\u00fcr dumm verkaufen bzw. mit Allgemeinphrasen abspeisen.<\/p>\n<p>Landrat Woide hat sich f\u00fcr unser <em>A<\/em>nliegen bei einem Gespr\u00e4chstermin am 12.11.2014 in Fulda viel Zeit genommen, was wir fairer Weise dankbar anerkennen, denn dies ist nicht selbstverst\u00e4ndlich. Doch leider mussten wir auch in diesem Gespr\u00e4ch erfahren und zur Kenntnis nehmen, dass einem Landrat in Bezug auf Gesetzes\u00e4nderungen und Einflussnahme auf Bundesebene die H\u00e4nde gebunden scheinen. Sein Fazit war, solange kein offizielles Verfahren eingeleitet wird, k\u00f6nnen wir von dieser Seite keine Hilfe erwarten. Schade. Mit der Energiepolitik in Hessen ist auch Landrat Woide nicht uneingeschr\u00e4nkt einverstanden, sei es bei der Ausweisung der Windvorrangfl\u00e4chen im Kreis Fulda, oder bei den zahlreichen Alternativtrassen f\u00fcr den SuedLink-Verlauf. Wie es ja auch schon in der <a href=\"http:\/\/www.mainpost.de\/regional\/rhoengrabfeld\/Stromtrasse-Jeder-kaempft-fuer-sich;art765,8422617\">MainPost<\/a> zu lesen war, wird er versuchen die Trasse Ost \u00fcber Th\u00fcringen erneut ins Gespr\u00e4ch zu bringen, da dieses Gebiet wesentlich d\u00fcnner besiedelt ist, als z.B. der Raum Fulda, wo immerhin an die 100.000 Menschen betroffen sind. Eine faire Pr\u00fcfung der unterschiedlichen Trassenverl\u00e4ufe muss in jedem Fall gew\u00e4hrleistet werden.<\/p>\n<p>Allerdings fordern wir von Herrn Woide schon heute: Sein politisches Gewicht als Landrat kann man jederzeit in die Waagschale werfen, sich klar positionieren und \u00f6ffentlichen Widerspruch bekennen ebenfalls, um bei den entsprechenden Ministerien in Berlin zu bewirken, dass die Menschen seines Landkreises zumindest geh\u00f6rt und wahrgenommen werden. SuedLink ist ein Projekt auf Bundesebene, w\u00e4hrend die Ausweisung von Windkraftvorrangfl\u00e4chen in die Verantwortlichkeit der L\u00e4nder f\u00e4llt. Wir brauchen die ungeteilte Aufmerksamkeit, die uns in diesem &#8222;\u00dcberlebenskampf&#8220; zusteht.<\/p>\n<p>Am 15.11.2014 hat sich Frau MdB Birgit K\u00f6mpel bei einem Informationstermin die Problematik des geplanten SuedLink-Trassenverlaufes in den D\u00f6rfern des Kiebitzgrundes genau angesehen und konnte sich ein Bild \u00fcber die verheerenden Auswirkungen der geplanten Projekte vor Ort machen. Eingebettet in ein sanft geschlungenes Tal und umgeben von bewaldeter H\u00fcgellandschaft w\u00fcrde Schlotzau von den 70 m hohen SuedLink-Freileitungsmasten erschlagen und genauso wie Gro\u00dfenmoor, Hechelmannskirchen und Langenschwarz zus\u00e4tzlich umzingelt von 200 m hohen Windkraftanlagen. Erst wenn man sich vor Ort\u00a0 diese Auswirkungen bildlich verdeutlichen kann wird bewusst, was hier den Menschen abverlangt wird.<\/p>\n<p><a href=\"https:\/\/i0.wp.com\/kiebitzgrund-aktiv.de\/wp-content\/uploads\/2014\/11\/Schlotzau-Bild-001.jpg\"><img loading=\"lazy\" decoding=\"async\" data-attachment-id=\"1179\" data-permalink=\"https:\/\/kiebitzgrund-aktiv.de\/?attachment_id=1179\" data-orig-file=\"https:\/\/i0.wp.com\/kiebitzgrund-aktiv.de\/wp-content\/uploads\/2014\/11\/Schlotzau-Bild-001.jpg?fit=2500%2C1404&amp;ssl=1\" data-orig-size=\"2500,1404\" data-comments-opened=\"1\" data-image-meta=\"{&quot;aperture&quot;:&quot;0&quot;,&quot;credit&quot;:&quot;&quot;,&quot;camera&quot;:&quot;&quot;,&quot;caption&quot;:&quot;&quot;,&quot;created_timestamp&quot;:&quot;0&quot;,&quot;copyright&quot;:&quot;&quot;,&quot;focal_length&quot;:&quot;0&quot;,&quot;iso&quot;:&quot;0&quot;,&quot;shutter_speed&quot;:&quot;0&quot;,&quot;title&quot;:&quot;&quot;}\" data-image-title=\"Schlotzau Bild 001\" data-image-description=\"\" data-image-caption=\"\" data-medium-file=\"https:\/\/i0.wp.com\/kiebitzgrund-aktiv.de\/wp-content\/uploads\/2014\/11\/Schlotzau-Bild-001.jpg?fit=300%2C168&amp;ssl=1\" data-large-file=\"https:\/\/i0.wp.com\/kiebitzgrund-aktiv.de\/wp-content\/uploads\/2014\/11\/Schlotzau-Bild-001.jpg?fit=525%2C295&amp;ssl=1\" class=\"alignnone wp-image-1179\" src=\"https:\/\/i0.wp.com\/kiebitzgrund-aktiv.de\/wp-content\/uploads\/2014\/11\/Schlotzau-Bild-001.jpg?resize=321%2C180\" alt=\"Schlotzau Bild 001\" width=\"321\" height=\"180\" srcset=\"https:\/\/i0.wp.com\/kiebitzgrund-aktiv.de\/wp-content\/uploads\/2014\/11\/Schlotzau-Bild-001.jpg?resize=300%2C168&amp;ssl=1 300w, https:\/\/i0.wp.com\/kiebitzgrund-aktiv.de\/wp-content\/uploads\/2014\/11\/Schlotzau-Bild-001.jpg?resize=1024%2C575&amp;ssl=1 1024w, https:\/\/i0.wp.com\/kiebitzgrund-aktiv.de\/wp-content\/uploads\/2014\/11\/Schlotzau-Bild-001.jpg?w=1575 1575w\" sizes=\"(max-width: 321px) 100vw, 321px\" data-recalc-dims=\"1\" \/><\/a>\u00a0\u00a0\u00a0\u00a0\u00a0\u00a0 <a href=\"https:\/\/i0.wp.com\/kiebitzgrund-aktiv.de\/wp-content\/uploads\/2014\/11\/Besuch_Burghaun_3.jpg\"><img loading=\"lazy\" decoding=\"async\" data-attachment-id=\"1178\" data-permalink=\"https:\/\/kiebitzgrund-aktiv.de\/?attachment_id=1178\" data-orig-file=\"https:\/\/i0.wp.com\/kiebitzgrund-aktiv.de\/wp-content\/uploads\/2014\/11\/Besuch_Burghaun_3.jpg?fit=4000%2C2664&amp;ssl=1\" data-orig-size=\"4000,2664\" data-comments-opened=\"1\" data-image-meta=\"{&quot;aperture&quot;:&quot;2.2&quot;,&quot;credit&quot;:&quot;&quot;,&quot;camera&quot;:&quot;X10&quot;,&quot;caption&quot;:&quot;&quot;,&quot;created_timestamp&quot;:&quot;1416004309&quot;,&quot;copyright&quot;:&quot;&quot;,&quot;focal_length&quot;:&quot;7.6&quot;,&quot;iso&quot;:&quot;200&quot;,&quot;shutter_speed&quot;:&quot;0.00133333333333&quot;,&quot;title&quot;:&quot;&quot;}\" data-image-title=\"Besuch_Burghaun_3\" data-image-description=\"\" data-image-caption=\"\" data-medium-file=\"https:\/\/i0.wp.com\/kiebitzgrund-aktiv.de\/wp-content\/uploads\/2014\/11\/Besuch_Burghaun_3.jpg?fit=300%2C199&amp;ssl=1\" data-large-file=\"https:\/\/i0.wp.com\/kiebitzgrund-aktiv.de\/wp-content\/uploads\/2014\/11\/Besuch_Burghaun_3.jpg?fit=525%2C349&amp;ssl=1\" class=\"alignnone wp-image-1178\" src=\"https:\/\/i0.wp.com\/kiebitzgrund-aktiv.de\/wp-content\/uploads\/2014\/11\/Besuch_Burghaun_3.jpg?resize=269%2C179\" alt=\"Besuch_Burghaun_3\" width=\"269\" height=\"179\" srcset=\"https:\/\/i0.wp.com\/kiebitzgrund-aktiv.de\/wp-content\/uploads\/2014\/11\/Besuch_Burghaun_3.jpg?resize=300%2C199&amp;ssl=1 300w, https:\/\/i0.wp.com\/kiebitzgrund-aktiv.de\/wp-content\/uploads\/2014\/11\/Besuch_Burghaun_3.jpg?resize=1024%2C681&amp;ssl=1 1024w, https:\/\/i0.wp.com\/kiebitzgrund-aktiv.de\/wp-content\/uploads\/2014\/11\/Besuch_Burghaun_3.jpg?resize=272%2C182&amp;ssl=1 272w, https:\/\/i0.wp.com\/kiebitzgrund-aktiv.de\/wp-content\/uploads\/2014\/11\/Besuch_Burghaun_3.jpg?w=1575 1575w\" sizes=\"(max-width: 269px) 100vw, 269px\" data-recalc-dims=\"1\" \/><\/a><\/p>\n<p>Daher sind wir Frau K\u00f6mpel dankbar, dass sie sich die Zeit f\u00fcr die Ortsbegehung genommen und den Menschen auch zugeh\u00f6rt hat. Wir hoffen, dass sie diese Eindr\u00fccke mit nach Berlin nimmt und sich weiterhin f\u00fcr unsere Anliegen stark macht. <a href=\"http:\/\/www.birgit-koempel.de\/meldungen\/31541\/180707\/Mehr-Beteiligung-und-Transparenz-bei-SuedLink-Planung.html\">&#8222;Mehr Beteiligung und Transparenz bei SuedLink-Planung&#8220;<\/a> &#8211; Frau K\u00f6mpel hat diese Resolution bereits unterzeichnet und positioniert sich weiter:<\/p>\n<blockquote><p>\u201eEs geht einfach nicht, dass die B\u00fcrgerinnen und B\u00fcrger unserer Region aus den Medien erfahren, dass sie betroffen sind. Das Argument der h\u00f6heren Kosten bei Erdverkabelung darf bei so einem wichtigen Infrastrukturprojekt keine Rolle spielen.\u201c<\/p><\/blockquote>\n<p>Die Bev\u00f6lkerung vor Ort kann schon heute klar erkennen, falls sich die verantwortlichen Ministerien und Beh\u00f6rden nicht schnellstens\u00a0 <strong>gegen<\/strong> die geplante SuedLinik-Trassenf\u00fchrung durch den Kiebitzgrund positionieren, ist unser Schicksal auf den D\u00f6rfern besiegelt. KIEBITZGRUND<span style=\"color: #008000;\"><em>aktiv<\/em><\/span> ist eine unabh\u00e4ngige B\u00fcrgerinitiative und keiner Partei verpflichtet. Dennoch sind wir politische Menschen und werden zuk\u00fcnftig auch diejenigen anprangern, die Hilfe versprechen und uns dann auf Landes- oder auch auf Bundesebene in den R\u00fccken fallen.<\/p>\n<p>&nbsp;<\/p>\n<p>&nbsp;<\/p>\n<p>&nbsp;<\/p>\n","protected":false},"excerpt":{"rendered":"<p>Immer mehr Menschen schlie\u00dfen sich den B\u00fcrgerinitiativen &#8211; inzwischen ca. 130 &#8211; an und sind bereit f\u00fcr den Schutz des unmittelbaren Lebensraumes auf die Stra\u00dfe zu gehen und zu protestieren. Wir rennen den Politikern die T\u00fcren ein und versuchen immer wieder verbindliche Aussagen und Hilfestellung zu bekommen, um den Verlauf der SuedLink-Trasse zu ver\u00e4ndern oder &hellip; <\/p>\n<p class=\"link-more\"><a href=\"https:\/\/kiebitzgrund-aktiv.de\/?p=1140\" class=\"more-link\"><span class=\"screen-reader-text\">\u201eWir wollen Antworten!\u201c<\/span> weiterlesen<\/a><\/p>\n","protected":false},"author":1,"featured_media":1165,"comment_status":"closed","ping_status":"closed","sticky":false,"template":"","format":"standard","meta":{"jetpack_post_was_ever_published":false,"_jetpack_newsletter_access":"","_jetpack_dont_email_post_to_subs":false,"_jetpack_newsletter_tier_id":0,"_jetpack_memberships_contains_paywalled_content":false,"_jetpack_memberships_contains_paid_content":false,"footnotes":"","jetpack_publicize_message":"","jetpack_publicize_feature_enabled":true,"jetpack_social_post_already_shared":true,"jetpack_social_options":{"image_generator_settings":{"template":"highway","enabled":false}}},"categories":[1],"tags":[],"jetpack_publicize_connections":[],"jetpack_featured_media_url":"https:\/\/i0.wp.com\/kiebitzgrund-aktiv.de\/wp-content\/uploads\/2014\/11\/MdB-K\u00f6mpel-BB1.jpg?fit=1667%2C1222&ssl=1","jetpack_shortlink":"https:\/\/wp.me\/p4Zmmr-io","jetpack_sharing_enabled":true,"jetpack_likes_enabled":true,"jetpack-related-posts":[],"_links":{"self":[{"href":"https:\/\/kiebitzgrund-aktiv.de\/index.php?rest_route=\/wp\/v2\/posts\/1140"}],"collection":[{"href":"https:\/\/kiebitzgrund-aktiv.de\/index.php?rest_route=\/wp\/v2\/posts"}],"about":[{"href":"https:\/\/kiebitzgrund-aktiv.de\/index.php?rest_route=\/wp\/v2\/types\/post"}],"author":[{"embeddable":true,"href":"https:\/\/kiebitzgrund-aktiv.de\/index.php?rest_route=\/wp\/v2\/users\/1"}],"replies":[{"embeddable":true,"href":"https:\/\/kiebitzgrund-aktiv.de\/index.php?rest_route=%2Fwp%2Fv2%2Fcomments&post=1140"}],"version-history":[{"count":18,"href":"https:\/\/kiebitzgrund-aktiv.de\/index.php?rest_route=\/wp\/v2\/posts\/1140\/revisions"}],"predecessor-version":[{"id":1180,"href":"https:\/\/kiebitzgrund-aktiv.de\/index.php?rest_route=\/wp\/v2\/posts\/1140\/revisions\/1180"}],"wp:featuredmedia":[{"embeddable":true,"href":"https:\/\/kiebitzgrund-aktiv.de\/index.php?rest_route=\/wp\/v2\/media\/1165"}],"wp:attachment":[{"href":"https:\/\/kiebitzgrund-aktiv.de\/index.php?rest_route=%2Fwp%2Fv2%2Fmedia&parent=1140"}],"wp:term":[{"taxonomy":"category","embeddable":true,"href":"https:\/\/kiebitzgrund-aktiv.de\/index.php?rest_route=%2Fwp%2Fv2%2Fcategories&post=1140"},{"taxonomy":"post_tag","embeddable":true,"href":"https:\/\/kiebitzgrund-aktiv.de\/index.php?rest_route=%2Fwp%2Fv2%2Ftags&post=1140"}],"curies":[{"name":"wp","href":"https:\/\/api.w.org\/{rel}","templated":true}]}}